{"id":12952,"date":"2020-11-13T21:54:48","date_gmt":"2020-11-13T20:54:48","guid":{"rendered":"http:\/\/paroisseaumalebraypicardie.fr\/?p=12952"},"modified":"2020-11-13T21:54:50","modified_gmt":"2020-11-13T20:54:50","slug":"saint-marc-a-domicile-chapitre-4","status":"publish","type":"post","link":"https:\/\/paroisseaumalebraypicardie.fr\/index.php\/2020\/11\/13\/saint-marc-a-domicile-chapitre-4\/","title":{"rendered":"SAINT MARC \u00e0 domicile &#8211; Chapitre 4"},"content":{"rendered":"\n<p>Pour cette seconde p\u00e9riode de confinement, nous sommes invit\u00e9s \u00e0 partager entre nous et au sein de notre grande communaut\u00e9 l&rsquo;Evangile selon Saint-Marc.<\/p>\n\n\n\n<p>Aujourd&rsquo;hui le 4\u00e8 chapitre ! Les explication par le P\u00e8re Jean-Claude en fin de semaine !<\/p>\n\n\n\n<figure class=\"wp-block-embed-youtube wp-block-embed is-type-video is-provider-youtube wp-embed-aspect-16-9 wp-has-aspect-ratio\"><div class=\"wp-block-embed__wrapper\">\n<div class='embed-container'><iframe loading=\"lazy\" title=\"SAINT MARC \u00e0 domicile - Chapitre 4\" width=\"1920\" height=\"1080\" src=\"https:\/\/www.youtube.com\/embed\/RKbgdwpubJ4?feature=oembed\" frameborder=\"0\" allow=\"accelerometer; autoplay; clipboard-write; encrypted-media; gyroscope; picture-in-picture\" allowfullscreen><\/iframe><\/div>\n<\/div><\/figure>\n\n\n\n<blockquote class=\"wp-block-quote\"><p><strong>01<\/strong>\u00a0J\u00e9sus se mit de nouveau \u00e0 enseigner au bord de la mer de Galil\u00e9e. Une foule tr\u00e8s nombreuse se rassembla aupr\u00e8s de lui, si bien qu\u2019il monta dans une barque o\u00f9 il s\u2019assit. Il \u00e9tait sur la mer, et toute la foule \u00e9tait pr\u00e8s de la mer, sur le rivage.<\/p><p><strong>02<\/strong>\u00a0Il leur enseignait beaucoup de choses en paraboles, et dans son enseignement il leur disait\u00a0:<\/p><p><strong>03<\/strong>\u00a0\u00ab\u00a0\u00c9coutez\u00a0! Voici que le semeur sortit pour semer.<\/p><p><strong>04<\/strong>\u00a0Comme il semait, du grain est tomb\u00e9 au bord du chemin\u00a0; les oiseaux sont venus et ils ont tout mang\u00e9.<\/p><p><strong>05<\/strong>\u00a0Du grain est tomb\u00e9 aussi sur du sol pierreux, o\u00f9 il n\u2019avait pas beaucoup de terre\u00a0; il a lev\u00e9 aussit\u00f4t, parce que la terre \u00e9tait peu profonde\u00a0;<\/p><p><strong>06<\/strong>\u00a0et lorsque le soleil s\u2019est lev\u00e9, ce grain a br\u00fbl\u00e9 et, faute de racines, il a s\u00e9ch\u00e9.<\/p><p><strong>07<\/strong>\u00a0Du grain est tomb\u00e9 aussi dans les ronces, les ronces ont pouss\u00e9, l\u2019ont \u00e9touff\u00e9, et il n\u2019a pas donn\u00e9 de fruit.<\/p><p><strong>08<\/strong>\u00a0Mais d\u2019autres grains sont tomb\u00e9s dans la bonne terre\u00a0; ils ont donn\u00e9 du fruit en poussant et en se d\u00e9veloppant, et ils ont produit trente, soixante, cent, pour un.\u00a0\u00bb<\/p><p><strong>09<\/strong>\u00a0Et J\u00e9sus disait\u00a0: \u00ab\u00a0Celui qui a des oreilles pour entendre, qu\u2019il entende\u00a0!\u00a0\u00bb<\/p><p><strong>10<\/strong>\u00a0Quand il resta seul, ceux qui \u00e9taient autour de lui avec les Douze l\u2019interrogeaient sur les paraboles.<\/p><p><strong>11<\/strong>\u00a0Il leur disait\u00a0: \u00ab\u00a0C\u2019est \u00e0 vous qu\u2019est donn\u00e9 le myst\u00e8re du royaume de Dieu\u00a0; mais \u00e0 ceux qui sont dehors, tout se pr\u00e9sente sous forme de paraboles.<\/p><p><strong>12<\/strong>\u00a0Et ainsi, comme dit le proph\u00e8te\u00a0: Ils auront beau regarder de tous leurs yeux, ils ne verront pas\u00a0; ils auront beau \u00e9couter de toutes leurs oreilles, ils ne comprendront pas\u00a0; sinon ils se convertiraient et recevraient le pardon.\u00a0\u00bb<\/p><p><strong>13<\/strong>\u00a0Il leur dit encore\u00a0: \u00ab\u00a0Vous ne saisissez pas cette parabole\u00a0? Alors, comment comprendrez-vous toutes les paraboles\u00a0?<\/p><p><strong>14<\/strong>\u00a0Le semeur s\u00e8me la Parole.<\/p><p><strong>15<\/strong>\u00a0Il y a ceux qui sont au bord du chemin o\u00f9 la Parole est sem\u00e9e\u00a0: quand ils l\u2019entendent, Satan vient aussit\u00f4t et enl\u00e8ve la Parole sem\u00e9e en eux.<\/p><p><strong>16<\/strong>\u00a0Et de m\u00eame, il y a ceux qui ont re\u00e7u la semence dans les endroits pierreux\u00a0: ceux-l\u00e0, quand ils entendent la Parole, ils la re\u00e7oivent aussit\u00f4t avec joie\u00a0;<\/p><p><strong>17<\/strong>\u00a0mais ils n\u2019ont pas en eux de racine, ce sont les gens d\u2019un moment\u00a0; que vienne la d\u00e9tresse ou la pers\u00e9cution \u00e0 cause de la Parole, ils tr\u00e9buchent aussit\u00f4t.<\/p><p><strong>18<\/strong>\u00a0Et il y en a d\u2019autres qui ont re\u00e7u la semence dans les ronces\u00a0: ceux-ci entendent la Parole,<\/p><p><strong>19<\/strong>\u00a0mais les soucis du monde, la s\u00e9duction de la richesse et toutes les autres convoitises les envahissent et \u00e9touffent la Parole, qui ne donne pas de fruit.<\/p><p><strong>20<\/strong>\u00a0Et il y a ceux qui ont re\u00e7u la semence dans la bonne terre\u00a0: ceux-l\u00e0 entendent la Parole, ils l\u2019accueillent, et ils portent du fruit\u00a0: trente, soixante, cent, pour un.\u00a0\u00bb<\/p><p><strong>21<\/strong>\u00a0Il leur disait encore\u00a0: \u00ab\u00a0Est-ce que la lampe est apport\u00e9e pour \u00eatre mise sous le boisseau ou sous le lit\u00a0? N\u2019est-ce pas pour \u00eatre mise sur le lampadaire\u00a0?<\/p><p><strong>22<\/strong>\u00a0Car rien n\u2019est cach\u00e9, sinon pour \u00eatre manifest\u00e9\u00a0; rien n\u2019a \u00e9t\u00e9 gard\u00e9 secret, sinon pour venir \u00e0 la clart\u00e9.<\/p><p><strong>23<\/strong>\u00a0Si quelqu\u2019un a des oreilles pour entendre, qu\u2019il entende\u00a0!\u00a0\u00bb<\/p><p><strong>24<\/strong>\u00a0Il leur disait encore\u00a0: \u00ab\u00a0Faites attention \u00e0 ce que vous entendez\u00a0! La mesure que vous utilisez sera utilis\u00e9e aussi pour vous, et il vous sera donn\u00e9 encore plus.<\/p><p><strong>25<\/strong>\u00a0Car celui qui a, on lui donnera\u00a0; celui qui n\u2019a pas, on lui enl\u00e8vera m\u00eame ce qu\u2019il a.\u00a0\u00bb<\/p><p><strong>26<\/strong>\u00a0Il disait\u00a0: \u00ab\u00a0Il en est du r\u00e8gne de Dieu comme d\u2019un homme qui jette en terre la semence\u00a0:<\/p><p><strong>27<\/strong>\u00a0nuit et jour, qu\u2019il dorme ou qu\u2019il se l\u00e8ve, la semence germe et grandit, il ne sait comment.<\/p><p><strong>28<\/strong>\u00a0D\u2019elle-m\u00eame, la terre produit d\u2019abord l\u2019herbe, puis l\u2019\u00e9pi, enfin du bl\u00e9 plein l\u2019\u00e9pi.<\/p><p><strong>29<\/strong>\u00a0Et d\u00e8s que le bl\u00e9 est m\u00fbr, il y met la faucille, puisque le temps de la moisson est arriv\u00e9.\u00a0\u00bb<\/p><p><strong>30<\/strong>\u00a0Il disait encore\u00a0: \u00ab\u00a0\u00c0 quoi allons-nous comparer le r\u00e8gne de Dieu\u00a0? Par quelle parabole pouvons-nous le repr\u00e9senter\u00a0?<\/p><p><strong>31<\/strong>\u00a0Il est comme une graine de moutarde\u00a0: quand on la s\u00e8me en terre, elle est la plus petite de toutes les semences.<\/p><p><strong>32<\/strong>\u00a0Mais quand on l\u2019a sem\u00e9e, elle grandit et d\u00e9passe toutes les plantes potag\u00e8res\u00a0; et elle \u00e9tend de longues branches, si bien que les oiseaux du ciel peuvent faire leur nid \u00e0 son ombre.\u00a0\u00bb<\/p><p><strong>33<\/strong>\u00a0Par de nombreuses paraboles semblables, J\u00e9sus leur annon\u00e7ait la Parole, dans la mesure o\u00f9 ils \u00e9taient capables de l\u2019entendre.<\/p><p><strong>34<\/strong>\u00a0Il ne leur disait rien sans parabole, mais il expliquait tout \u00e0 ses disciples en particulier.<\/p><p><strong>35<\/strong>\u00a0Ce jour-l\u00e0, le soir venu, il dit \u00e0 ses disciples\u00a0: \u00ab\u00a0Passons sur l\u2019autre rive.\u00a0\u00bb<\/p><p><strong>36<\/strong>\u00a0Quittant la foule, ils emmen\u00e8rent J\u00e9sus, comme il \u00e9tait, dans la barque, et d\u2019autres barques l\u2019accompagnaient.<\/p><p><strong>37<\/strong>\u00a0Survient une violente temp\u00eate. Les vagues se jetaient sur la barque, si bien que d\u00e9j\u00e0 elle se remplissait.<\/p><p><strong>38<\/strong>\u00a0Lui dormait sur le coussin \u00e0 l\u2019arri\u00e8re. Les disciples le r\u00e9veillent et lui disent\u00a0: \u00ab\u00a0Ma\u00eetre, nous sommes perdus\u00a0; cela ne te fait rien\u00a0?\u00a0\u00bb<\/p><p><strong>39<\/strong>\u00a0R\u00e9veill\u00e9, il mena\u00e7a le vent et dit \u00e0 la mer\u00a0: \u00ab\u00a0Silence, tais-toi\u00a0!\u00a0\u00bb Le vent tomba, et il se fit un grand calme.<\/p><p><strong>40<\/strong>\u00a0J\u00e9sus leur dit\u00a0: \u00ab\u00a0Pourquoi \u00eates-vous si craintifs\u00a0? N\u2019avez-vous pas encore la foi\u00a0?\u00a0\u00bb<\/p><p><strong>41<\/strong>\u00a0Saisis d\u2019une grande crainte, ils se disaient entre eux\u00a0: \u00ab\u00a0Qui est-il donc, celui-ci, pour que m\u00eame le vent et la mer lui ob\u00e9issent\u00a0?\u00a0\u00bb<\/p><\/blockquote>\n","protected":false},"excerpt":{"rendered":"<p>Pour cette seconde p\u00e9riode de confinement, nous sommes invit\u00e9s \u00e0 partager entre nous et au sein de notre grande communaut\u00e9 l&rsquo;Evangile selon Saint-Marc. Aujourd&rsquo;hui le 4\u00e8 chapitre ! Les explication par le P\u00e8re Jean-Claude en fin de semaine ! 01\u00a0J\u00e9sus se mit de nouveau \u00e0 enseigner au bord de la mer de Galil\u00e9e. Une foule&hellip; <br \/> <a class=\"read-more\" href=\"https:\/\/paroisseaumalebraypicardie.fr\/index.php\/2020\/11\/13\/saint-marc-a-domicile-chapitre-4\/\">Lire la suite<\/a><\/p>\n","protected":false},"author":1,"featured_media":12955,"comment_status":"open","ping_status":"open","sticky":false,"template":"","format":"standard","meta":{"h5ap_radio_sources":[],"jetpack_post_was_ever_published":false,"_jetpack_newsletter_access":"","_jetpack_dont_email_post_to_subs":false,"_jetpack_newsletter_tier_id":0,"_jetpack_memberships_contains_paywalled_content":false,"footnotes":"","_jetpack_memberships_contains_paid_content":false,"jetpack_publicize_message":"C'est vendredi ! Le 4\u00e8me chapitre de SAINT MARC \u00e0 domicile est disponible pour vous","jetpack_publicize_feature_enabled":true,"jetpack_social_post_already_shared":true,"jetpack_social_options":{"image_generator_settings":{"template":"highway","enabled":false},"version":2}},"categories":[114],"tags":[115,116],"jetpack_publicize_connections":[],"yoast_head":"<!-- This site is optimized with the Yoast SEO plugin v19.13 - https:\/\/yoast.com\/wordpress\/plugins\/seo\/ -->\n<title>SAINT MARC \u00e0 domicile - Chapitre 4 - Paroisse Aumale Bray Picardie.fr<\/title>\n<meta name=\"description\" content=\"Pendant le confinement, nous sommes invit\u00e9s \u00e0 partager ensemble l&#039;Evangile selon Saint Marc. C&#039;est SAINT MARC \u00e0 domicile ! Chapitre 4\" \/>\n<meta name=\"robots\" content=\"index, follow, max-snippet:-1, max-image-preview:large, max-video-preview:-1\" \/>\n<link rel=\"canonical\" href=\"https:\/\/paroisseaumalebraypicardie.fr\/index.php\/2020\/11\/13\/saint-marc-a-domicile-chapitre-4\/\" \/>\n<meta property=\"og:locale\" content=\"fr_FR\" \/>\n<meta property=\"og:type\" content=\"article\" \/>\n<meta property=\"og:title\" content=\"SAINT MARC \u00e0 domicile - Chapitre 4 - Paroisse Aumale Bray Picardie.fr\" \/>\n<meta property=\"og:description\" content=\"Pendant le confinement, nous sommes invit\u00e9s \u00e0 partager ensemble l&#039;Evangile selon Saint Marc. C&#039;est SAINT MARC \u00e0 domicile ! Chapitre 4\" \/>\n<meta property=\"og:url\" content=\"https:\/\/paroisseaumalebraypicardie.fr\/index.php\/2020\/11\/13\/saint-marc-a-domicile-chapitre-4\/\" \/>\n<meta property=\"og:site_name\" content=\"Paroisse Aumale Bray Picardie.fr\" \/>\n<meta property=\"article:publisher\" content=\"https:\/\/www.facebook.com\/Paroisse-dAumale-1052241828150031\" \/>\n<meta property=\"article:published_time\" content=\"2020-11-13T20:54:48+00:00\" \/>\n<meta property=\"article:modified_time\" content=\"2020-11-13T20:54:50+00:00\" \/>\n<meta property=\"og:image\" content=\"https:\/\/i0.wp.com\/paroisseaumalebraypicardie.fr\/wp-content\/uploads\/2020\/11\/Capture-decran-2020-11-13-a-21.52.31.png?fit=1282%2C720&ssl=1\" \/>\n\t<meta property=\"og:image:width\" content=\"1282\" \/>\n\t<meta property=\"og:image:height\" content=\"720\" \/>\n\t<meta property=\"og:image:type\" content=\"image\/png\" \/>\n<meta name=\"author\" content=\"admin8375\" \/>\n<meta name=\"twitter:card\" content=\"summary_large_image\" \/>\n<meta name=\"twitter:creator\" content=\"@ParoisseABP\" \/>\n<meta name=\"twitter:site\" content=\"@ParoisseABP\" \/>\n<meta name=\"twitter:label1\" content=\"\u00c9crit par\" \/>\n\t<meta name=\"twitter:data1\" content=\"admin8375\" \/>\n\t<meta name=\"twitter:label2\" content=\"Dur\u00e9e de lecture estim\u00e9e\" \/>\n\t<meta name=\"twitter:data2\" content=\"5 minutes\" \/>\n<script type=\"application\/ld+json\" class=\"yoast-schema-graph\">{\"@context\":\"https:\/\/schema.org\",\"@graph\":[{\"@type\":\"Article\",\"@id\":\"https:\/\/paroisseaumalebraypicardie.fr\/index.php\/2020\/11\/13\/saint-marc-a-domicile-chapitre-4\/#article\",\"isPartOf\":{\"@id\":\"https:\/\/paroisseaumalebraypicardie.fr\/index.php\/2020\/11\/13\/saint-marc-a-domicile-chapitre-4\/\"},\"author\":{\"name\":\"admin8375\",\"@id\":\"https:\/\/paroisseaumalebraypicardie.fr\/#\/schema\/person\/048a3a754dfd061999a2ebfed0f0c133\"},\"headline\":\"SAINT MARC \u00e0 domicile &#8211; Chapitre 4\",\"datePublished\":\"2020-11-13T20:54:48+00:00\",\"dateModified\":\"2020-11-13T20:54:50+00:00\",\"mainEntityOfPage\":{\"@id\":\"https:\/\/paroisseaumalebraypicardie.fr\/index.php\/2020\/11\/13\/saint-marc-a-domicile-chapitre-4\/\"},\"wordCount\":1003,\"commentCount\":0,\"publisher\":{\"@id\":\"https:\/\/paroisseaumalebraypicardie.fr\/#organization\"},\"keywords\":[\"Evangile\",\"Saint-Marc\"],\"articleSection\":[\"ST MARC A DOMICILE\"],\"inLanguage\":\"fr-FR\",\"potentialAction\":[{\"@type\":\"CommentAction\",\"name\":\"Comment\",\"target\":[\"https:\/\/paroisseaumalebraypicardie.fr\/index.php\/2020\/11\/13\/saint-marc-a-domicile-chapitre-4\/#respond\"]}]},{\"@type\":\"WebPage\",\"@id\":\"https:\/\/paroisseaumalebraypicardie.fr\/index.php\/2020\/11\/13\/saint-marc-a-domicile-chapitre-4\/\",\"url\":\"https:\/\/paroisseaumalebraypicardie.fr\/index.php\/2020\/11\/13\/saint-marc-a-domicile-chapitre-4\/\",\"name\":\"SAINT MARC \u00e0 domicile - Chapitre 4 - Paroisse Aumale Bray Picardie.fr\",\"isPartOf\":{\"@id\":\"https:\/\/paroisseaumalebraypicardie.fr\/#website\"},\"datePublished\":\"2020-11-13T20:54:48+00:00\",\"dateModified\":\"2020-11-13T20:54:50+00:00\",\"description\":\"Pendant le confinement, nous sommes invit\u00e9s \u00e0 partager ensemble l'Evangile selon Saint Marc. C'est SAINT MARC \u00e0 domicile ! Chapitre 4\",\"breadcrumb\":{\"@id\":\"https:\/\/paroisseaumalebraypicardie.fr\/index.php\/2020\/11\/13\/saint-marc-a-domicile-chapitre-4\/#breadcrumb\"},\"inLanguage\":\"fr-FR\",\"potentialAction\":[{\"@type\":\"ReadAction\",\"target\":[\"https:\/\/paroisseaumalebraypicardie.fr\/index.php\/2020\/11\/13\/saint-marc-a-domicile-chapitre-4\/\"]}]},{\"@type\":\"BreadcrumbList\",\"@id\":\"https:\/\/paroisseaumalebraypicardie.fr\/index.php\/2020\/11\/13\/saint-marc-a-domicile-chapitre-4\/#breadcrumb\",\"itemListElement\":[{\"@type\":\"ListItem\",\"position\":1,\"name\":\"Accueil\",\"item\":\"https:\/\/paroisseaumalebraypicardie.fr\/\"},{\"@type\":\"ListItem\",\"position\":2,\"name\":\"SAINT MARC \u00e0 domicile &#8211; Chapitre 4\"}]},{\"@type\":\"WebSite\",\"@id\":\"https:\/\/paroisseaumalebraypicardie.fr\/#website\",\"url\":\"https:\/\/paroisseaumalebraypicardie.fr\/\",\"name\":\"Paroisse Aumale Bray Picardie.fr\",\"description\":\"\",\"publisher\":{\"@id\":\"https:\/\/paroisseaumalebraypicardie.fr\/#organization\"},\"potentialAction\":[{\"@type\":\"SearchAction\",\"target\":{\"@type\":\"EntryPoint\",\"urlTemplate\":\"https:\/\/paroisseaumalebraypicardie.fr\/?s={search_term_string}\"},\"query-input\":\"required name=search_term_string\"}],\"inLanguage\":\"fr-FR\"},{\"@type\":\"Organization\",\"@id\":\"https:\/\/paroisseaumalebraypicardie.fr\/#organization\",\"name\":\"Paroisse Aumale Bray Picardie\",\"url\":\"https:\/\/paroisseaumalebraypicardie.fr\/\",\"logo\":{\"@type\":\"ImageObject\",\"inLanguage\":\"fr-FR\",\"@id\":\"https:\/\/paroisseaumalebraypicardie.fr\/#\/schema\/logo\/image\/\",\"url\":\"https:\/\/i1.wp.com\/paroisseaumalebraypicardie.fr\/wp-content\/uploads\/2020\/01\/img_1256_47985338107_o-scaled.jpg?fit=2560%2C1912\",\"contentUrl\":\"https:\/\/i1.wp.com\/paroisseaumalebraypicardie.fr\/wp-content\/uploads\/2020\/01\/img_1256_47985338107_o-scaled.jpg?fit=2560%2C1912\",\"width\":2560,\"height\":1912,\"caption\":\"Paroisse Aumale Bray Picardie\"},\"image\":{\"@id\":\"https:\/\/paroisseaumalebraypicardie.fr\/#\/schema\/logo\/image\/\"},\"sameAs\":[\"https:\/\/www.instagram.com\/paroisseaumalebp\/?hl=fr\",\"https:\/\/www.youtube.com\/channel\/UCdzO2T1JOuFy9b6jaJdSyaQ?view_as=subscriber\",\"https:\/\/www.facebook.com\/Paroisse-dAumale-1052241828150031\",\"https:\/\/twitter.com\/ParoisseABP\"]},{\"@type\":\"Person\",\"@id\":\"https:\/\/paroisseaumalebraypicardie.fr\/#\/schema\/person\/048a3a754dfd061999a2ebfed0f0c133\",\"name\":\"admin8375\",\"image\":{\"@type\":\"ImageObject\",\"inLanguage\":\"fr-FR\",\"@id\":\"https:\/\/paroisseaumalebraypicardie.fr\/#\/schema\/person\/image\/\",\"url\":\"https:\/\/secure.gravatar.com\/avatar\/83a82140e6728d429cb70143cacc8630?s=96&d=mm&r=g\",\"contentUrl\":\"https:\/\/secure.gravatar.com\/avatar\/83a82140e6728d429cb70143cacc8630?s=96&d=mm&r=g\",\"caption\":\"admin8375\"},\"sameAs\":[\"http:\/\/www.paroisseaumalebraypicardie.fr\"],\"url\":\"https:\/\/paroisseaumalebraypicardie.fr\/index.php\/author\/admin8375\/\"}]}<\/script>\n<!-- \/ Yoast SEO plugin. -->","yoast_head_json":{"title":"SAINT MARC \u00e0 domicile - Chapitre 4 - Paroisse Aumale Bray Picardie.fr","description":"Pendant le confinement, nous sommes invit\u00e9s \u00e0 partager ensemble l'Evangile selon Saint Marc. C'est SAINT MARC \u00e0 domicile ! Chapitre 4","robots":{"index":"index","follow":"follow","max-snippet":"max-snippet:-1","max-image-preview":"max-image-preview:large","max-video-preview":"max-video-preview:-1"},"canonical":"https:\/\/paroisseaumalebraypicardie.fr\/index.php\/2020\/11\/13\/saint-marc-a-domicile-chapitre-4\/","og_locale":"fr_FR","og_type":"article","og_title":"SAINT MARC \u00e0 domicile - Chapitre 4 - Paroisse Aumale Bray Picardie.fr","og_description":"Pendant le confinement, nous sommes invit\u00e9s \u00e0 partager ensemble l'Evangile selon Saint Marc. C'est SAINT MARC \u00e0 domicile ! Chapitre 4","og_url":"https:\/\/paroisseaumalebraypicardie.fr\/index.php\/2020\/11\/13\/saint-marc-a-domicile-chapitre-4\/","og_site_name":"Paroisse Aumale Bray Picardie.fr","article_publisher":"https:\/\/www.facebook.com\/Paroisse-dAumale-1052241828150031","article_published_time":"2020-11-13T20:54:48+00:00","article_modified_time":"2020-11-13T20:54:50+00:00","og_image":[{"width":1282,"height":720,"url":"https:\/\/i0.wp.com\/paroisseaumalebraypicardie.fr\/wp-content\/uploads\/2020\/11\/Capture-decran-2020-11-13-a-21.52.31.png?fit=1282%2C720&ssl=1","type":"image\/png"}],"author":"admin8375","twitter_card":"summary_large_image","twitter_creator":"@ParoisseABP","twitter_site":"@ParoisseABP","twitter_misc":{"\u00c9crit par":"admin8375","Dur\u00e9e de lecture estim\u00e9e":"5 minutes"},"schema":{"@context":"https:\/\/schema.org","@graph":[{"@type":"Article","@id":"https:\/\/paroisseaumalebraypicardie.fr\/index.php\/2020\/11\/13\/saint-marc-a-domicile-chapitre-4\/#article","isPartOf":{"@id":"https:\/\/paroisseaumalebraypicardie.fr\/index.php\/2020\/11\/13\/saint-marc-a-domicile-chapitre-4\/"},"author":{"name":"admin8375","@id":"https:\/\/paroisseaumalebraypicardie.fr\/#\/schema\/person\/048a3a754dfd061999a2ebfed0f0c133"},"headline":"SAINT MARC \u00e0 domicile &#8211; Chapitre 4","datePublished":"2020-11-13T20:54:48+00:00","dateModified":"2020-11-13T20:54:50+00:00","mainEntityOfPage":{"@id":"https:\/\/paroisseaumalebraypicardie.fr\/index.php\/2020\/11\/13\/saint-marc-a-domicile-chapitre-4\/"},"wordCount":1003,"commentCount":0,"publisher":{"@id":"https:\/\/paroisseaumalebraypicardie.fr\/#organization"},"keywords":["Evangile","Saint-Marc"],"articleSection":["ST MARC A DOMICILE"],"inLanguage":"fr-FR","potentialAction":[{"@type":"CommentAction","name":"Comment","target":["https:\/\/paroisseaumalebraypicardie.fr\/index.php\/2020\/11\/13\/saint-marc-a-domicile-chapitre-4\/#respond"]}]},{"@type":"WebPage","@id":"https:\/\/paroisseaumalebraypicardie.fr\/index.php\/2020\/11\/13\/saint-marc-a-domicile-chapitre-4\/","url":"https:\/\/paroisseaumalebraypicardie.fr\/index.php\/2020\/11\/13\/saint-marc-a-domicile-chapitre-4\/","name":"SAINT MARC \u00e0 domicile - Chapitre 4 - Paroisse Aumale Bray Picardie.fr","isPartOf":{"@id":"https:\/\/paroisseaumalebraypicardie.fr\/#website"},"datePublished":"2020-11-13T20:54:48+00:00","dateModified":"2020-11-13T20:54:50+00:00","description":"Pendant le confinement, nous sommes invit\u00e9s \u00e0 partager ensemble l'Evangile selon Saint Marc. C'est SAINT MARC \u00e0 domicile ! Chapitre 4","breadcrumb":{"@id":"https:\/\/paroisseaumalebraypicardie.fr\/index.php\/2020\/11\/13\/saint-marc-a-domicile-chapitre-4\/#breadcrumb"},"inLanguage":"fr-FR","potentialAction":[{"@type":"ReadAction","target":["https:\/\/paroisseaumalebraypicardie.fr\/index.php\/2020\/11\/13\/saint-marc-a-domicile-chapitre-4\/"]}]},{"@type":"BreadcrumbList","@id":"https:\/\/paroisseaumalebraypicardie.fr\/index.php\/2020\/11\/13\/saint-marc-a-domicile-chapitre-4\/#breadcrumb","itemListElement":[{"@type":"ListItem","position":1,"name":"Accueil","item":"https:\/\/paroisseaumalebraypicardie.fr\/"},{"@type":"ListItem","position":2,"name":"SAINT MARC \u00e0 domicile &#8211; Chapitre 4"}]},{"@type":"WebSite","@id":"https:\/\/paroisseaumalebraypicardie.fr\/#website","url":"https:\/\/paroisseaumalebraypicardie.fr\/","name":"Paroisse Aumale Bray Picardie.fr","description":"","publisher":{"@id":"https:\/\/paroisseaumalebraypicardie.fr\/#organization"},"potentialAction":[{"@type":"SearchAction","target":{"@type":"EntryPoint","urlTemplate":"https:\/\/paroisseaumalebraypicardie.fr\/?s={search_term_string}"},"query-input":"required name=search_term_string"}],"inLanguage":"fr-FR"},{"@type":"Organization","@id":"https:\/\/paroisseaumalebraypicardie.fr\/#organization","name":"Paroisse Aumale Bray Picardie","url":"https:\/\/paroisseaumalebraypicardie.fr\/","logo":{"@type":"ImageObject","inLanguage":"fr-FR","@id":"https:\/\/paroisseaumalebraypicardie.fr\/#\/schema\/logo\/image\/","url":"https:\/\/i1.wp.com\/paroisseaumalebraypicardie.fr\/wp-content\/uploads\/2020\/01\/img_1256_47985338107_o-scaled.jpg?fit=2560%2C1912","contentUrl":"https:\/\/i1.wp.com\/paroisseaumalebraypicardie.fr\/wp-content\/uploads\/2020\/01\/img_1256_47985338107_o-scaled.jpg?fit=2560%2C1912","width":2560,"height":1912,"caption":"Paroisse Aumale Bray Picardie"},"image":{"@id":"https:\/\/paroisseaumalebraypicardie.fr\/#\/schema\/logo\/image\/"},"sameAs":["https:\/\/www.instagram.com\/paroisseaumalebp\/?hl=fr","https:\/\/www.youtube.com\/channel\/UCdzO2T1JOuFy9b6jaJdSyaQ?view_as=subscriber","https:\/\/www.facebook.com\/Paroisse-dAumale-1052241828150031","https:\/\/twitter.com\/ParoisseABP"]},{"@type":"Person","@id":"https:\/\/paroisseaumalebraypicardie.fr\/#\/schema\/person\/048a3a754dfd061999a2ebfed0f0c133","name":"admin8375","image":{"@type":"ImageObject","inLanguage":"fr-FR","@id":"https:\/\/paroisseaumalebraypicardie.fr\/#\/schema\/person\/image\/","url":"https:\/\/secure.gravatar.com\/avatar\/83a82140e6728d429cb70143cacc8630?s=96&d=mm&r=g","contentUrl":"https:\/\/secure.gravatar.com\/avatar\/83a82140e6728d429cb70143cacc8630?s=96&d=mm&r=g","caption":"admin8375"},"sameAs":["http:\/\/www.paroisseaumalebraypicardie.fr"],"url":"https:\/\/paroisseaumalebraypicardie.fr\/index.php\/author\/admin8375\/"}]}},"jetpack_featured_media_url":"https:\/\/i0.wp.com\/paroisseaumalebraypicardie.fr\/wp-content\/uploads\/2020\/11\/Capture-decran-2020-11-13-a-21.52.31.png?fit=1282%2C720&ssl=1","jetpack_sharing_enabled":true,"_links":{"self":[{"href":"https:\/\/paroisseaumalebraypicardie.fr\/index.php\/wp-json\/wp\/v2\/posts\/12952"}],"collection":[{"href":"https:\/\/paroisseaumalebraypicardie.fr\/index.php\/wp-json\/wp\/v2\/posts"}],"about":[{"href":"https:\/\/paroisseaumalebraypicardie.fr\/index.php\/wp-json\/wp\/v2\/types\/post"}],"author":[{"embeddable":true,"href":"https:\/\/paroisseaumalebraypicardie.fr\/index.php\/wp-json\/wp\/v2\/users\/1"}],"replies":[{"embeddable":true,"href":"https:\/\/paroisseaumalebraypicardie.fr\/index.php\/wp-json\/wp\/v2\/comments?post=12952"}],"version-history":[{"count":1,"href":"https:\/\/paroisseaumalebraypicardie.fr\/index.php\/wp-json\/wp\/v2\/posts\/12952\/revisions"}],"predecessor-version":[{"id":12956,"href":"https:\/\/paroisseaumalebraypicardie.fr\/index.php\/wp-json\/wp\/v2\/posts\/12952\/revisions\/12956"}],"wp:featuredmedia":[{"embeddable":true,"href":"https:\/\/paroisseaumalebraypicardie.fr\/index.php\/wp-json\/wp\/v2\/media\/12955"}],"wp:attachment":[{"href":"https:\/\/paroisseaumalebraypicardie.fr\/index.php\/wp-json\/wp\/v2\/media?parent=12952"}],"wp:term":[{"taxonomy":"category","embeddable":true,"href":"https:\/\/paroisseaumalebraypicardie.fr\/index.php\/wp-json\/wp\/v2\/categories?post=12952"},{"taxonomy":"post_tag","embeddable":true,"href":"https:\/\/paroisseaumalebraypicardie.fr\/index.php\/wp-json\/wp\/v2\/tags?post=12952"}],"curies":[{"name":"wp","href":"https:\/\/api.w.org\/{rel}","templated":true}]}}