{"id":13695,"date":"2020-11-27T17:53:37","date_gmt":"2020-11-27T16:53:37","guid":{"rendered":"http:\/\/paroisseaumalebraypicardie.fr\/?p=13695"},"modified":"2020-12-01T22:52:03","modified_gmt":"2020-12-01T21:52:03","slug":"saint-marc-a-domicile-chapitre-8","status":"publish","type":"post","link":"https:\/\/paroisseaumalebraypicardie.fr\/index.php\/2020\/11\/27\/saint-marc-a-domicile-chapitre-8\/","title":{"rendered":"SAINT Marc \u00e0 domicile &#8211; Chapitre 8"},"content":{"rendered":"\n<p>Pour cette seconde p\u00e9riode de confinement, nous sommes invit\u00e9s \u00e0 partager entre nous et au sein de notre grande communaut\u00e9 l&rsquo;Evangile selon Saint-Marc.<\/p>\n\n\n\n<p>Aujourd&rsquo;hui, le chapitre 8 lu pour vous : <\/p>\n\n\n\n<figure class=\"wp-block-embed-youtube wp-block-embed is-type-video is-provider-youtube wp-embed-aspect-16-9 wp-has-aspect-ratio\"><div class=\"wp-block-embed__wrapper\">\n<div class='embed-container'><iframe loading=\"lazy\" title=\"SAINT MARC \u00e0 domicile - Chapitre 8\" width=\"1920\" height=\"1080\" src=\"https:\/\/www.youtube.com\/embed\/cg7eRrV4pJU?feature=oembed\" frameborder=\"0\" allow=\"accelerometer; autoplay; clipboard-write; encrypted-media; gyroscope; picture-in-picture\" allowfullscreen><\/iframe><\/div>\n<\/div><figcaption>Saint Marc \u00e0 domicile -Chapitre 8TEAMS<\/figcaption><\/figure>\n\n\n\n<blockquote class=\"wp-block-quote\"><p><strong>01<\/strong>&nbsp;En ces jours-l\u00e0, comme il y avait de nouveau une grande foule, et que les gens n\u2019avaient rien \u00e0 manger, J\u00e9sus appelle \u00e0 lui ses disciples et leur dit&nbsp;:<\/p><p><strong>02<\/strong>&nbsp;\u00ab&nbsp;J\u2019ai de la compassion pour cette foule, car depuis trois jours d\u00e9j\u00e0 ils restent aupr\u00e8s de moi, et n\u2019ont rien \u00e0 manger.<\/p><p><strong>03<\/strong>&nbsp;Si je les renvoie chez eux \u00e0 jeun, ils vont d\u00e9faillir en chemin, et certains d\u2019entre eux sont venus de loin.&nbsp;\u00bb<\/p><p><strong>04<\/strong>&nbsp;Ses disciples lui r\u00e9pondirent&nbsp;: \u00ab&nbsp;O\u00f9 donc pourra-t-on trouver du pain pour les rassasier ici, dans le d\u00e9sert&nbsp;?&nbsp;\u00bb<\/p><p><strong>05<\/strong>&nbsp;Il leur demanda&nbsp;: \u00ab&nbsp;Combien de pains avez-vous&nbsp;?&nbsp;\u00bb Ils lui dirent&nbsp;: \u00ab&nbsp;Sept.&nbsp;\u00bb<\/p><p><strong>06<\/strong>&nbsp;Alors il ordonna \u00e0 la foule de s\u2019asseoir par terre. Puis, prenant les sept pains et rendant gr\u00e2ce, il les rompit, et il les donnait \u00e0 ses disciples pour que ceux-ci les distribuent&nbsp;; et ils les distribu\u00e8rent \u00e0 la foule.<\/p><p><strong>07<\/strong>&nbsp;Ils avaient aussi quelques petits poissons, que J\u00e9sus b\u00e9nit et fit aussi distribuer.<\/p><p><strong>08<\/strong>&nbsp;Les gens mang\u00e8rent et furent rassasi\u00e9s. On ramassa les morceaux qui restaient&nbsp;: cela faisait sept corbeilles.<\/p><p><strong>09<\/strong>&nbsp;Or, ils \u00e9taient environ quatre mille. Puis J\u00e9sus les renvoya.<\/p><p><strong>10<\/strong>&nbsp;Aussit\u00f4t, montant dans la barque avec ses disciples, il alla dans la r\u00e9gion de Dalmanoutha.<\/p><p><strong>11<\/strong>&nbsp;Les pharisiens survinrent et se mirent \u00e0 discuter avec J\u00e9sus&nbsp;; pour le mettre \u00e0 l\u2019\u00e9preuve, ils cherchaient \u00e0 obtenir de lui un signe venant du ciel.<\/p><p><strong>12<\/strong>&nbsp;J\u00e9sus soupira au plus profond de lui-m\u00eame et dit&nbsp;: \u00ab&nbsp;Pourquoi cette g\u00e9n\u00e9ration cherche-t-elle un signe&nbsp;? Amen, je vous le d\u00e9clare&nbsp;: aucun signe ne sera donn\u00e9 \u00e0 cette g\u00e9n\u00e9ration.&nbsp;\u00bb<\/p><p><strong>13<\/strong>&nbsp;Puis il les quitta, remonta en barque, et il partit vers l\u2019autre rive.<\/p><p><strong>14<\/strong>&nbsp;Les disciples avaient oubli\u00e9 d\u2019emporter des pains&nbsp;; ils n\u2019avaient qu\u2019un seul pain avec eux dans la barque.<\/p><p><strong>15<\/strong>&nbsp;Or J\u00e9sus leur faisait cette recommandation&nbsp;: \u00ab&nbsp;Attention&nbsp;! Prenez garde au levain des pharisiens et au levain d\u2019H\u00e9rode&nbsp;!&nbsp;\u00bb<\/p><p><strong>16<\/strong>&nbsp;Mais ils discutaient entre eux sur ce manque de pains.<\/p><p><strong>17<\/strong>&nbsp;J\u00e9sus s\u2019en rend compte et leur dit&nbsp;: \u00ab&nbsp;Pourquoi discutez-vous sur ce manque de pains&nbsp;? Vous ne saisissez pas&nbsp;? Vous ne comprenez pas encore&nbsp;? Vous avez le c\u0153ur endurci&nbsp;?<\/p><p><strong>18<\/strong>&nbsp;Vous avez des yeux et vous ne voyez pas, vous avez des oreilles et vous n\u2019entendez pas&nbsp;! Vous ne vous rappelez pas&nbsp;?<\/p><p><strong>19<\/strong>&nbsp;Quand j\u2019ai rompu les cinq pains pour cinq mille personnes, combien avez-vous ramass\u00e9 de paniers pleins de morceaux&nbsp;?&nbsp;\u00bb Ils lui r\u00e9pondirent&nbsp;: \u00ab&nbsp;Douze.<\/p><p><strong>20<\/strong>&nbsp;\u2013 Et quand j\u2019en ai rompu sept pour quatre mille, combien avez-vous rempli de corbeilles en ramassant les morceaux&nbsp;?&nbsp;\u00bb Ils lui r\u00e9pondirent&nbsp;: \u00ab&nbsp;Sept.&nbsp;\u00bb<\/p><p><strong>21<\/strong>&nbsp;Il leur disait&nbsp;: \u00ab&nbsp;Vous ne comprenez pas encore&nbsp;?&nbsp;\u00bb<\/p><p><strong>22<\/strong>&nbsp;J\u00e9sus et ses disciples arrivent \u00e0 Bethsa\u00efde. Des gens lui am\u00e8nent un aveugle et le supplient de le toucher.<\/p><p><strong>23<\/strong>&nbsp;J\u00e9sus prit l\u2019aveugle par la main et le conduisit hors du village. Il lui mit de la salive sur les yeux et lui imposa les mains. Il lui demandait&nbsp;: \u00ab&nbsp;Aper\u00e7ois-tu quelque chose&nbsp;?&nbsp;\u00bb<\/p><p><strong>24<\/strong>&nbsp;Levant les yeux, l\u2019homme disait&nbsp;: \u00ab&nbsp;J\u2019aper\u00e7ois les gens&nbsp;: ils ressemblent \u00e0 des arbres que je vois marcher.&nbsp;\u00bb<\/p><p><strong>25<\/strong>&nbsp;Puis J\u00e9sus, de nouveau, imposa les mains sur les yeux de l\u2019homme&nbsp;; celui-ci se mit \u00e0 voir normalement, il se trouva gu\u00e9ri, et il distinguait tout avec nettet\u00e9.<\/p><p><strong>26<\/strong>&nbsp;J\u00e9sus le renvoya dans sa maison en disant&nbsp;: \u00ab&nbsp;Ne rentre m\u00eame pas dans le village.&nbsp;\u00bb<\/p><p><strong>27<\/strong>&nbsp;J\u00e9sus s\u2019en alla, ainsi que ses disciples, vers les villages situ\u00e9s aux environs de C\u00e9sar\u00e9e-de-Philippe. Chemin faisant, il interrogeait ses disciples&nbsp;: \u00ab&nbsp;Au dire des gens, qui suis-je&nbsp;?&nbsp;\u00bb<\/p><p><strong>28<\/strong>&nbsp;Ils lui r\u00e9pondirent&nbsp;: \u00ab&nbsp;Jean le Baptiste&nbsp;; pour d\u2019autres, \u00c9lie&nbsp;; pour d\u2019autres, un des proph\u00e8tes.&nbsp;\u00bb<\/p><p><strong>29<\/strong>&nbsp;Et lui les interrogeait&nbsp;: \u00ab&nbsp;Et vous, que dites-vous&nbsp;? Pour vous, qui suis-je&nbsp;?&nbsp;\u00bb Pierre, prenant la parole, lui dit&nbsp;: \u00ab&nbsp;Tu es le Christ.&nbsp;\u00bb<\/p><p><strong>30<\/strong>&nbsp;Alors, il leur d\u00e9fendit vivement de parler de lui \u00e0 personne.<\/p><p><strong>31<\/strong>&nbsp;Il commen\u00e7a \u00e0 leur enseigner qu\u2019il fallait que le Fils de l\u2019homme souffre beaucoup, qu\u2019il soit rejet\u00e9 par les anciens, les grands pr\u00eatres et les scribes, qu\u2019il soit tu\u00e9, et que, trois jours apr\u00e8s, il ressuscite.<\/p><p><strong>32<\/strong>&nbsp;J\u00e9sus disait cette parole ouvertement. Pierre, le prenant \u00e0 part, se mit \u00e0 lui faire de vifs reproches.<\/p><p><strong>33<\/strong>&nbsp;Mais J\u00e9sus se retourna et, voyant ses disciples, il interpella vivement Pierre&nbsp;: \u00ab&nbsp;Passe derri\u00e8re moi, Satan&nbsp;! Tes pens\u00e9es ne sont pas celles de Dieu, mais celles des hommes.&nbsp;\u00bb<\/p><p><strong>34<\/strong>&nbsp;Appelant la foule avec ses disciples, il leur dit&nbsp;: \u00ab&nbsp;Si quelqu\u2019un veut marcher \u00e0 ma suite, qu\u2019il renonce \u00e0 lui-m\u00eame, qu\u2019il prenne sa croix et qu\u2019il me suive.<\/p><p><strong>35<\/strong>&nbsp;Car celui qui veut sauver sa vie la perdra&nbsp;; mais celui qui perdra sa vie \u00e0 cause de moi et de l\u2019\u00c9vangile la sauvera.<\/p><p><strong>36<\/strong>&nbsp;Quel avantage, en effet, un homme a-t-il \u00e0 gagner le monde entier si c\u2019est au prix de sa vie&nbsp;?<\/p><p><strong>37<\/strong>&nbsp;Que pourrait-il donner en \u00e9change de sa vie&nbsp;?<\/p><p><strong>38<\/strong>&nbsp;Celui qui a honte de moi et de mes paroles dans cette g\u00e9n\u00e9ration adult\u00e8re et p\u00e9cheresse, le Fils de l\u2019homme aussi aura honte de lui, quand il viendra dans la gloire de son P\u00e8re avec les saints anges.&nbsp;\u00bb<\/p><cite>Evangile selon Saint-Marc &#8211; Chapitre 8<\/cite><\/blockquote>\n\n\n\n<p><\/p>\n","protected":false},"excerpt":{"rendered":"<p>Pour cette seconde p\u00e9riode de confinement, nous sommes invit\u00e9s \u00e0 partager entre nous et au sein de notre grande communaut\u00e9 l&rsquo;Evangile selon Saint-Marc. Aujourd&rsquo;hui, le chapitre 8 lu pour vous : 01&nbsp;En ces jours-l\u00e0, comme il y avait de nouveau une grande foule, et que les gens n\u2019avaient rien \u00e0 manger, J\u00e9sus appelle \u00e0 lui&hellip; <br \/> <a class=\"read-more\" href=\"https:\/\/paroisseaumalebraypicardie.fr\/index.php\/2020\/11\/27\/saint-marc-a-domicile-chapitre-8\/\">Lire la suite<\/a><\/p>\n","protected":false},"author":1,"featured_media":13702,"comment_status":"open","ping_status":"open","sticky":false,"template":"","format":"standard","meta":{"h5ap_radio_sources":[],"jetpack_post_was_ever_published":false,"_jetpack_newsletter_access":"","_jetpack_dont_email_post_to_subs":false,"_jetpack_newsletter_tier_id":0,"_jetpack_memberships_contains_paywalled_content":false,"footnotes":"","_jetpack_memberships_contains_paid_content":false,"jetpack_publicize_message":"Le Chapitre 8 de SAINT Marc \u00e0 domicile est disponible - Venez \u00e9couter \n#prions #priez #evangile #stmarcadomicile","jetpack_publicize_feature_enabled":true,"jetpack_social_post_already_shared":true,"jetpack_social_options":{"image_generator_settings":{"template":"highway","enabled":false},"version":2}},"categories":[114],"tags":[27,121],"jetpack_publicize_connections":[],"yoast_head":"<!-- This site is optimized with the Yoast SEO plugin v19.13 - https:\/\/yoast.com\/wordpress\/plugins\/seo\/ -->\n<title>SAINT Marc \u00e0 domicile - Chapitre 8 - Paroisse Aumale Bray Picardie.fr<\/title>\n<meta name=\"description\" content=\"Pendant le confinement, nous sommes invit\u00e9s \u00e0 partager ensemble l&#039;Evangile selon Saint Marc. C&#039;est SAINT MARC \u00e0 domicile ! Chapitre8\" \/>\n<meta name=\"robots\" content=\"index, follow, max-snippet:-1, max-image-preview:large, max-video-preview:-1\" \/>\n<link rel=\"canonical\" href=\"https:\/\/paroisseaumalebraypicardie.fr\/index.php\/2020\/11\/27\/saint-marc-a-domicile-chapitre-8\/\" \/>\n<meta property=\"og:locale\" content=\"fr_FR\" \/>\n<meta property=\"og:type\" content=\"article\" \/>\n<meta property=\"og:title\" content=\"SAINT Marc \u00e0 domicile - Chapitre 8 - Paroisse Aumale Bray Picardie.fr\" \/>\n<meta property=\"og:description\" content=\"Pendant le confinement, nous sommes invit\u00e9s \u00e0 partager ensemble l&#039;Evangile selon Saint Marc. C&#039;est SAINT MARC \u00e0 domicile ! Chapitre8\" \/>\n<meta property=\"og:url\" content=\"https:\/\/paroisseaumalebraypicardie.fr\/index.php\/2020\/11\/27\/saint-marc-a-domicile-chapitre-8\/\" \/>\n<meta property=\"og:site_name\" content=\"Paroisse Aumale Bray Picardie.fr\" \/>\n<meta property=\"article:publisher\" content=\"https:\/\/www.facebook.com\/Paroisse-dAumale-1052241828150031\" \/>\n<meta property=\"article:published_time\" content=\"2020-11-27T16:53:37+00:00\" \/>\n<meta property=\"article:modified_time\" content=\"2020-12-01T21:52:03+00:00\" \/>\n<meta property=\"og:image\" content=\"https:\/\/paroisseaumalebraypicardie.fr\/wp-content\/uploads\/2020\/11\/Capture-decran-2020-11-27-a-17.34.20-1024x575.png\" \/>\n\t<meta property=\"og:image:width\" content=\"1024\" \/>\n\t<meta property=\"og:image:height\" content=\"575\" \/>\n\t<meta property=\"og:image:type\" content=\"image\/png\" \/>\n<meta name=\"author\" content=\"admin8375\" \/>\n<meta name=\"twitter:card\" content=\"summary_large_image\" \/>\n<meta name=\"twitter:creator\" content=\"@ParoisseABP\" \/>\n<meta name=\"twitter:site\" content=\"@ParoisseABP\" \/>\n<meta name=\"twitter:label1\" content=\"\u00c9crit par\" \/>\n\t<meta name=\"twitter:data1\" content=\"admin8375\" \/>\n\t<meta name=\"twitter:label2\" content=\"Dur\u00e9e de lecture estim\u00e9e\" \/>\n\t<meta name=\"twitter:data2\" content=\"5 minutes\" \/>\n<script type=\"application\/ld+json\" class=\"yoast-schema-graph\">{\"@context\":\"https:\/\/schema.org\",\"@graph\":[{\"@type\":\"Article\",\"@id\":\"https:\/\/paroisseaumalebraypicardie.fr\/index.php\/2020\/11\/27\/saint-marc-a-domicile-chapitre-8\/#article\",\"isPartOf\":{\"@id\":\"https:\/\/paroisseaumalebraypicardie.fr\/index.php\/2020\/11\/27\/saint-marc-a-domicile-chapitre-8\/\"},\"author\":{\"name\":\"admin8375\",\"@id\":\"https:\/\/paroisseaumalebraypicardie.fr\/#\/schema\/person\/048a3a754dfd061999a2ebfed0f0c133\"},\"headline\":\"SAINT Marc \u00e0 domicile &#8211; Chapitre 8\",\"datePublished\":\"2020-11-27T16:53:37+00:00\",\"dateModified\":\"2020-12-01T21:52:03+00:00\",\"mainEntityOfPage\":{\"@id\":\"https:\/\/paroisseaumalebraypicardie.fr\/index.php\/2020\/11\/27\/saint-marc-a-domicile-chapitre-8\/\"},\"wordCount\":1040,\"commentCount\":0,\"publisher\":{\"@id\":\"https:\/\/paroisseaumalebraypicardie.fr\/#organization\"},\"keywords\":[\"priere\",\"Saint Marc \u00e0 domicile\"],\"articleSection\":[\"ST MARC A DOMICILE\"],\"inLanguage\":\"fr-FR\",\"potentialAction\":[{\"@type\":\"CommentAction\",\"name\":\"Comment\",\"target\":[\"https:\/\/paroisseaumalebraypicardie.fr\/index.php\/2020\/11\/27\/saint-marc-a-domicile-chapitre-8\/#respond\"]}]},{\"@type\":\"WebPage\",\"@id\":\"https:\/\/paroisseaumalebraypicardie.fr\/index.php\/2020\/11\/27\/saint-marc-a-domicile-chapitre-8\/\",\"url\":\"https:\/\/paroisseaumalebraypicardie.fr\/index.php\/2020\/11\/27\/saint-marc-a-domicile-chapitre-8\/\",\"name\":\"SAINT Marc \u00e0 domicile - Chapitre 8 - Paroisse Aumale Bray Picardie.fr\",\"isPartOf\":{\"@id\":\"https:\/\/paroisseaumalebraypicardie.fr\/#website\"},\"datePublished\":\"2020-11-27T16:53:37+00:00\",\"dateModified\":\"2020-12-01T21:52:03+00:00\",\"description\":\"Pendant le confinement, nous sommes invit\u00e9s \u00e0 partager ensemble l'Evangile selon Saint Marc. C'est SAINT MARC \u00e0 domicile ! Chapitre8\",\"breadcrumb\":{\"@id\":\"https:\/\/paroisseaumalebraypicardie.fr\/index.php\/2020\/11\/27\/saint-marc-a-domicile-chapitre-8\/#breadcrumb\"},\"inLanguage\":\"fr-FR\",\"potentialAction\":[{\"@type\":\"ReadAction\",\"target\":[\"https:\/\/paroisseaumalebraypicardie.fr\/index.php\/2020\/11\/27\/saint-marc-a-domicile-chapitre-8\/\"]}]},{\"@type\":\"BreadcrumbList\",\"@id\":\"https:\/\/paroisseaumalebraypicardie.fr\/index.php\/2020\/11\/27\/saint-marc-a-domicile-chapitre-8\/#breadcrumb\",\"itemListElement\":[{\"@type\":\"ListItem\",\"position\":1,\"name\":\"Accueil\",\"item\":\"https:\/\/paroisseaumalebraypicardie.fr\/\"},{\"@type\":\"ListItem\",\"position\":2,\"name\":\"SAINT Marc \u00e0 domicile &#8211; Chapitre 8\"}]},{\"@type\":\"WebSite\",\"@id\":\"https:\/\/paroisseaumalebraypicardie.fr\/#website\",\"url\":\"https:\/\/paroisseaumalebraypicardie.fr\/\",\"name\":\"Paroisse Aumale Bray Picardie.fr\",\"description\":\"\",\"publisher\":{\"@id\":\"https:\/\/paroisseaumalebraypicardie.fr\/#organization\"},\"potentialAction\":[{\"@type\":\"SearchAction\",\"target\":{\"@type\":\"EntryPoint\",\"urlTemplate\":\"https:\/\/paroisseaumalebraypicardie.fr\/?s={search_term_string}\"},\"query-input\":\"required name=search_term_string\"}],\"inLanguage\":\"fr-FR\"},{\"@type\":\"Organization\",\"@id\":\"https:\/\/paroisseaumalebraypicardie.fr\/#organization\",\"name\":\"Paroisse Aumale Bray Picardie\",\"url\":\"https:\/\/paroisseaumalebraypicardie.fr\/\",\"logo\":{\"@type\":\"ImageObject\",\"inLanguage\":\"fr-FR\",\"@id\":\"https:\/\/paroisseaumalebraypicardie.fr\/#\/schema\/logo\/image\/\",\"url\":\"https:\/\/i1.wp.com\/paroisseaumalebraypicardie.fr\/wp-content\/uploads\/2020\/01\/img_1256_47985338107_o-scaled.jpg?fit=2560%2C1912\",\"contentUrl\":\"https:\/\/i1.wp.com\/paroisseaumalebraypicardie.fr\/wp-content\/uploads\/2020\/01\/img_1256_47985338107_o-scaled.jpg?fit=2560%2C1912\",\"width\":2560,\"height\":1912,\"caption\":\"Paroisse Aumale Bray Picardie\"},\"image\":{\"@id\":\"https:\/\/paroisseaumalebraypicardie.fr\/#\/schema\/logo\/image\/\"},\"sameAs\":[\"https:\/\/www.instagram.com\/paroisseaumalebp\/?hl=fr\",\"https:\/\/www.youtube.com\/channel\/UCdzO2T1JOuFy9b6jaJdSyaQ?view_as=subscriber\",\"https:\/\/www.facebook.com\/Paroisse-dAumale-1052241828150031\",\"https:\/\/twitter.com\/ParoisseABP\"]},{\"@type\":\"Person\",\"@id\":\"https:\/\/paroisseaumalebraypicardie.fr\/#\/schema\/person\/048a3a754dfd061999a2ebfed0f0c133\",\"name\":\"admin8375\",\"image\":{\"@type\":\"ImageObject\",\"inLanguage\":\"fr-FR\",\"@id\":\"https:\/\/paroisseaumalebraypicardie.fr\/#\/schema\/person\/image\/\",\"url\":\"https:\/\/secure.gravatar.com\/avatar\/83a82140e6728d429cb70143cacc8630?s=96&d=mm&r=g\",\"contentUrl\":\"https:\/\/secure.gravatar.com\/avatar\/83a82140e6728d429cb70143cacc8630?s=96&d=mm&r=g\",\"caption\":\"admin8375\"},\"sameAs\":[\"http:\/\/www.paroisseaumalebraypicardie.fr\"],\"url\":\"https:\/\/paroisseaumalebraypicardie.fr\/index.php\/author\/admin8375\/\"}]}<\/script>\n<!-- \/ Yoast SEO plugin. -->","yoast_head_json":{"title":"SAINT Marc \u00e0 domicile - Chapitre 8 - Paroisse Aumale Bray Picardie.fr","description":"Pendant le confinement, nous sommes invit\u00e9s \u00e0 partager ensemble l'Evangile selon Saint Marc. C'est SAINT MARC \u00e0 domicile ! Chapitre8","robots":{"index":"index","follow":"follow","max-snippet":"max-snippet:-1","max-image-preview":"max-image-preview:large","max-video-preview":"max-video-preview:-1"},"canonical":"https:\/\/paroisseaumalebraypicardie.fr\/index.php\/2020\/11\/27\/saint-marc-a-domicile-chapitre-8\/","og_locale":"fr_FR","og_type":"article","og_title":"SAINT Marc \u00e0 domicile - Chapitre 8 - Paroisse Aumale Bray Picardie.fr","og_description":"Pendant le confinement, nous sommes invit\u00e9s \u00e0 partager ensemble l'Evangile selon Saint Marc. C'est SAINT MARC \u00e0 domicile ! Chapitre8","og_url":"https:\/\/paroisseaumalebraypicardie.fr\/index.php\/2020\/11\/27\/saint-marc-a-domicile-chapitre-8\/","og_site_name":"Paroisse Aumale Bray Picardie.fr","article_publisher":"https:\/\/www.facebook.com\/Paroisse-dAumale-1052241828150031","article_published_time":"2020-11-27T16:53:37+00:00","article_modified_time":"2020-12-01T21:52:03+00:00","og_image":[{"width":1024,"height":575,"url":"https:\/\/paroisseaumalebraypicardie.fr\/wp-content\/uploads\/2020\/11\/Capture-decran-2020-11-27-a-17.34.20-1024x575.png","type":"image\/png"}],"author":"admin8375","twitter_card":"summary_large_image","twitter_creator":"@ParoisseABP","twitter_site":"@ParoisseABP","twitter_misc":{"\u00c9crit par":"admin8375","Dur\u00e9e de lecture estim\u00e9e":"5 minutes"},"schema":{"@context":"https:\/\/schema.org","@graph":[{"@type":"Article","@id":"https:\/\/paroisseaumalebraypicardie.fr\/index.php\/2020\/11\/27\/saint-marc-a-domicile-chapitre-8\/#article","isPartOf":{"@id":"https:\/\/paroisseaumalebraypicardie.fr\/index.php\/2020\/11\/27\/saint-marc-a-domicile-chapitre-8\/"},"author":{"name":"admin8375","@id":"https:\/\/paroisseaumalebraypicardie.fr\/#\/schema\/person\/048a3a754dfd061999a2ebfed0f0c133"},"headline":"SAINT Marc \u00e0 domicile &#8211; Chapitre 8","datePublished":"2020-11-27T16:53:37+00:00","dateModified":"2020-12-01T21:52:03+00:00","mainEntityOfPage":{"@id":"https:\/\/paroisseaumalebraypicardie.fr\/index.php\/2020\/11\/27\/saint-marc-a-domicile-chapitre-8\/"},"wordCount":1040,"commentCount":0,"publisher":{"@id":"https:\/\/paroisseaumalebraypicardie.fr\/#organization"},"keywords":["priere","Saint Marc \u00e0 domicile"],"articleSection":["ST MARC A DOMICILE"],"inLanguage":"fr-FR","potentialAction":[{"@type":"CommentAction","name":"Comment","target":["https:\/\/paroisseaumalebraypicardie.fr\/index.php\/2020\/11\/27\/saint-marc-a-domicile-chapitre-8\/#respond"]}]},{"@type":"WebPage","@id":"https:\/\/paroisseaumalebraypicardie.fr\/index.php\/2020\/11\/27\/saint-marc-a-domicile-chapitre-8\/","url":"https:\/\/paroisseaumalebraypicardie.fr\/index.php\/2020\/11\/27\/saint-marc-a-domicile-chapitre-8\/","name":"SAINT Marc \u00e0 domicile - Chapitre 8 - Paroisse Aumale Bray Picardie.fr","isPartOf":{"@id":"https:\/\/paroisseaumalebraypicardie.fr\/#website"},"datePublished":"2020-11-27T16:53:37+00:00","dateModified":"2020-12-01T21:52:03+00:00","description":"Pendant le confinement, nous sommes invit\u00e9s \u00e0 partager ensemble l'Evangile selon Saint Marc. C'est SAINT MARC \u00e0 domicile ! Chapitre8","breadcrumb":{"@id":"https:\/\/paroisseaumalebraypicardie.fr\/index.php\/2020\/11\/27\/saint-marc-a-domicile-chapitre-8\/#breadcrumb"},"inLanguage":"fr-FR","potentialAction":[{"@type":"ReadAction","target":["https:\/\/paroisseaumalebraypicardie.fr\/index.php\/2020\/11\/27\/saint-marc-a-domicile-chapitre-8\/"]}]},{"@type":"BreadcrumbList","@id":"https:\/\/paroisseaumalebraypicardie.fr\/index.php\/2020\/11\/27\/saint-marc-a-domicile-chapitre-8\/#breadcrumb","itemListElement":[{"@type":"ListItem","position":1,"name":"Accueil","item":"https:\/\/paroisseaumalebraypicardie.fr\/"},{"@type":"ListItem","position":2,"name":"SAINT Marc \u00e0 domicile &#8211; Chapitre 8"}]},{"@type":"WebSite","@id":"https:\/\/paroisseaumalebraypicardie.fr\/#website","url":"https:\/\/paroisseaumalebraypicardie.fr\/","name":"Paroisse Aumale Bray Picardie.fr","description":"","publisher":{"@id":"https:\/\/paroisseaumalebraypicardie.fr\/#organization"},"potentialAction":[{"@type":"SearchAction","target":{"@type":"EntryPoint","urlTemplate":"https:\/\/paroisseaumalebraypicardie.fr\/?s={search_term_string}"},"query-input":"required name=search_term_string"}],"inLanguage":"fr-FR"},{"@type":"Organization","@id":"https:\/\/paroisseaumalebraypicardie.fr\/#organization","name":"Paroisse Aumale Bray Picardie","url":"https:\/\/paroisseaumalebraypicardie.fr\/","logo":{"@type":"ImageObject","inLanguage":"fr-FR","@id":"https:\/\/paroisseaumalebraypicardie.fr\/#\/schema\/logo\/image\/","url":"https:\/\/i1.wp.com\/paroisseaumalebraypicardie.fr\/wp-content\/uploads\/2020\/01\/img_1256_47985338107_o-scaled.jpg?fit=2560%2C1912","contentUrl":"https:\/\/i1.wp.com\/paroisseaumalebraypicardie.fr\/wp-content\/uploads\/2020\/01\/img_1256_47985338107_o-scaled.jpg?fit=2560%2C1912","width":2560,"height":1912,"caption":"Paroisse Aumale Bray Picardie"},"image":{"@id":"https:\/\/paroisseaumalebraypicardie.fr\/#\/schema\/logo\/image\/"},"sameAs":["https:\/\/www.instagram.com\/paroisseaumalebp\/?hl=fr","https:\/\/www.youtube.com\/channel\/UCdzO2T1JOuFy9b6jaJdSyaQ?view_as=subscriber","https:\/\/www.facebook.com\/Paroisse-dAumale-1052241828150031","https:\/\/twitter.com\/ParoisseABP"]},{"@type":"Person","@id":"https:\/\/paroisseaumalebraypicardie.fr\/#\/schema\/person\/048a3a754dfd061999a2ebfed0f0c133","name":"admin8375","image":{"@type":"ImageObject","inLanguage":"fr-FR","@id":"https:\/\/paroisseaumalebraypicardie.fr\/#\/schema\/person\/image\/","url":"https:\/\/secure.gravatar.com\/avatar\/83a82140e6728d429cb70143cacc8630?s=96&d=mm&r=g","contentUrl":"https:\/\/secure.gravatar.com\/avatar\/83a82140e6728d429cb70143cacc8630?s=96&d=mm&r=g","caption":"admin8375"},"sameAs":["http:\/\/www.paroisseaumalebraypicardie.fr"],"url":"https:\/\/paroisseaumalebraypicardie.fr\/index.php\/author\/admin8375\/"}]}},"jetpack_featured_media_url":"https:\/\/i0.wp.com\/paroisseaumalebraypicardie.fr\/wp-content\/uploads\/2020\/11\/Capture-decran-2020-11-27-a-17.34.20.png?fit=2562%2C1438&ssl=1","jetpack_sharing_enabled":true,"_links":{"self":[{"href":"https:\/\/paroisseaumalebraypicardie.fr\/index.php\/wp-json\/wp\/v2\/posts\/13695"}],"collection":[{"href":"https:\/\/paroisseaumalebraypicardie.fr\/index.php\/wp-json\/wp\/v2\/posts"}],"about":[{"href":"https:\/\/paroisseaumalebraypicardie.fr\/index.php\/wp-json\/wp\/v2\/types\/post"}],"author":[{"embeddable":true,"href":"https:\/\/paroisseaumalebraypicardie.fr\/index.php\/wp-json\/wp\/v2\/users\/1"}],"replies":[{"embeddable":true,"href":"https:\/\/paroisseaumalebraypicardie.fr\/index.php\/wp-json\/wp\/v2\/comments?post=13695"}],"version-history":[{"count":2,"href":"https:\/\/paroisseaumalebraypicardie.fr\/index.php\/wp-json\/wp\/v2\/posts\/13695\/revisions"}],"predecessor-version":[{"id":13908,"href":"https:\/\/paroisseaumalebraypicardie.fr\/index.php\/wp-json\/wp\/v2\/posts\/13695\/revisions\/13908"}],"wp:featuredmedia":[{"embeddable":true,"href":"https:\/\/paroisseaumalebraypicardie.fr\/index.php\/wp-json\/wp\/v2\/media\/13702"}],"wp:attachment":[{"href":"https:\/\/paroisseaumalebraypicardie.fr\/index.php\/wp-json\/wp\/v2\/media?parent=13695"}],"wp:term":[{"taxonomy":"category","embeddable":true,"href":"https:\/\/paroisseaumalebraypicardie.fr\/index.php\/wp-json\/wp\/v2\/categories?post=13695"},{"taxonomy":"post_tag","embeddable":true,"href":"https:\/\/paroisseaumalebraypicardie.fr\/index.php\/wp-json\/wp\/v2\/tags?post=13695"}],"curies":[{"name":"wp","href":"https:\/\/api.w.org\/{rel}","templated":true}]}}