{"id":13905,"date":"2020-12-01T22:58:01","date_gmt":"2020-12-01T21:58:01","guid":{"rendered":"http:\/\/paroisseaumalebraypicardie.fr\/?p=13905"},"modified":"2020-12-01T22:58:02","modified_gmt":"2020-12-01T21:58:02","slug":"saint-marc-a-domicile-chapitre-9","status":"publish","type":"post","link":"https:\/\/paroisseaumalebraypicardie.fr\/index.php\/2020\/12\/01\/saint-marc-a-domicile-chapitre-9\/","title":{"rendered":"SAINT MARC \u00e0 domicile &#8211; Chapitre 9"},"content":{"rendered":"\n<p>Pour cette seconde p\u00e9riode de confinement, nous sommes invit\u00e9s \u00e0 partager entre nous et au sein de notre grande communaut\u00e9 l&rsquo;Evangile selon Saint-Marc.<\/p>\n\n\n\n<p>Aujourd&rsquo;hui, le chapitre 9 :<\/p>\n\n\n\n<figure class=\"wp-block-embed-youtube wp-block-embed is-type-video is-provider-youtube wp-embed-aspect-16-9 wp-has-aspect-ratio\"><div class=\"wp-block-embed__wrapper\">\n<div class='embed-container'><iframe loading=\"lazy\" title=\"SAINT MARC \u00e0 domicile - Chapitre 9\" width=\"1920\" height=\"1080\" src=\"https:\/\/www.youtube.com\/embed\/De6mIMyF6iw?feature=oembed\" frameborder=\"0\" allow=\"accelerometer; autoplay; clipboard-write; encrypted-media; gyroscope; picture-in-picture\" allowfullscreen><\/iframe><\/div>\n<\/div><figcaption>Evangile selon Saint Marc &#8211; Chapitre 9<\/figcaption><\/figure>\n\n\n\n<blockquote class=\"wp-block-quote\"><p><strong>01<\/strong>\u00a0Et il leur disait\u00a0: \u00ab\u00a0Amen, je vous le dis\u00a0: parmi ceux qui sont ici, certains ne conna\u00eetront pas la mort avant d\u2019avoir vu le r\u00e8gne de Dieu venu avec puissance.\u00a0\u00bb<\/p><p><strong>02<\/strong>\u00a0Six jours apr\u00e8s, J\u00e9sus prend avec lui Pierre, Jacques et Jean, et les emm\u00e8ne, eux seuls, \u00e0 l\u2019\u00e9cart sur une haute montagne. Et il fut transfigur\u00e9 devant eux.<\/p><p><strong>03<\/strong>\u00a0Ses v\u00eatements devinrent resplendissants, d\u2019une blancheur telle que personne sur terre ne peut obtenir une blancheur pareille.<\/p><p><strong>04<\/strong>\u00a0\u00c9lie leur apparut avec Mo\u00efse, et tous deux s\u2019entretenaient avec J\u00e9sus.<\/p><p><strong>05<\/strong>\u00a0Pierre alors prend la parole et dit \u00e0 J\u00e9sus\u00a0: \u00ab\u00a0Rabbi, il est bon que nous soyons ici\u00a0! Dressons donc trois tentes\u00a0: une pour toi, une pour Mo\u00efse, et une pour \u00c9lie.\u00a0\u00bb<\/p><p><strong>06<\/strong>\u00a0De fait, Pierre ne savait que dire, tant leur frayeur \u00e9tait grande.<\/p><p><strong>07<\/strong>\u00a0Survint une nu\u00e9e qui les couvrit de son ombre, et de la nu\u00e9e une voix se fit entendre\u00a0: \u00ab\u00a0Celui-ci est mon Fils bien-aim\u00e9\u00a0: \u00e9coutez-le\u00a0!\u00a0\u00bb<\/p><p><strong>08<\/strong>\u00a0Soudain, regardant tout autour, ils ne virent plus que J\u00e9sus seul avec eux.<\/p><p><strong>09<\/strong>\u00a0Ils descendirent de la montagne, et J\u00e9sus leur ordonna de ne raconter \u00e0 personne ce qu\u2019ils avaient vu, avant que le Fils de l\u2019homme soit ressuscit\u00e9 d\u2019entre les morts.<\/p><p><strong>10<\/strong>\u00a0Et ils rest\u00e8rent fermement attach\u00e9s \u00e0 cette parole, tout en se demandant entre eux ce que voulait dire\u00a0: \u00ab\u00a0ressusciter d\u2019entre les morts\u00a0\u00bb.<\/p><p><strong>11<\/strong>\u00a0Ils l\u2019interrogeaient\u00a0: \u00ab\u00a0Pourquoi les scribes disent-ils que le proph\u00e8te \u00c9lie doit venir d\u2019abord\u00a0?\u00a0\u00bb<\/p><p><strong>12<\/strong>\u00a0J\u00e9sus leur dit\u00a0: \u00ab\u00a0Certes, \u00c9lie vient d\u2019abord pour remettre toute chose \u00e0 sa place. Mais alors, pourquoi l\u2019\u00c9criture dit-elle, au sujet du Fils de l\u2019homme, qu\u2019il souffrira beaucoup et sera m\u00e9pris\u00e9\u00a0?<\/p><p><strong>13<\/strong>\u00a0Eh bien\u00a0! je vous le d\u00e9clare\u00a0: \u00c9lie est d\u00e9j\u00e0 venu, et ils lui ont fait tout ce qu\u2019ils ont voulu, comme l\u2019\u00c9criture le dit \u00e0 son sujet.\u00a0\u00bb<\/p><p><strong>14<\/strong>\u00a0En rejoignant les autres disciples, ils virent une grande foule qui les entourait, et des scribes qui discutaient avec eux.<\/p><p><strong>15<\/strong>\u00a0Aussit\u00f4t qu\u2019elle vit J\u00e9sus, toute la foule fut stup\u00e9faite, et les gens accouraient pour le saluer.<\/p><p><strong>16<\/strong>\u00a0Il leur demanda\u00a0: \u00ab\u00a0De quoi discutez-vous avec eux\u00a0?\u00a0\u00bb<\/p><p><strong>17<\/strong>\u00a0Quelqu\u2019un dans la foule lui r\u00e9pondit\u00a0: \u00ab\u00a0Ma\u00eetre, je t\u2019ai amen\u00e9 mon fils, il est poss\u00e9d\u00e9 par un esprit qui le rend muet\u00a0;<\/p><p><strong>18<\/strong>\u00a0cet esprit s\u2019empare de lui n\u2019importe o\u00f9, il le jette par terre, l\u2019enfant \u00e9cume, grince des dents et devient tout raide. J\u2019ai demand\u00e9 \u00e0 tes disciples d\u2019expulser cet esprit, mais ils n\u2019en ont pas \u00e9t\u00e9 capables.\u00a0\u00bb<\/p><p><strong>19<\/strong>\u00a0Prenant la parole, J\u00e9sus leur dit\u00a0: \u00ab\u00a0G\u00e9n\u00e9ration incroyante, combien de temps resterai-je aupr\u00e8s de vous\u00a0? Combien de temps devrai-je vous supporter\u00a0? Amenez-le-moi.\u00a0\u00bb<\/p><p><strong>20<\/strong>\u00a0On le lui amena. D\u00e8s qu\u2019il vit J\u00e9sus, l\u2019esprit fit entrer l\u2019enfant en convulsions\u00a0; l\u2019enfant tomba et se roulait par terre en \u00e9cumant.<\/p><p><strong>21<\/strong>\u00a0J\u00e9sus interrogea le p\u00e8re\u00a0: \u00ab\u00a0Depuis combien de temps cela lui arrive-t-il\u00a0?\u00a0\u00bb Il r\u00e9pondit\u00a0: \u00ab\u00a0Depuis sa petite enfance.<\/p><p><strong>22<\/strong>\u00a0Et souvent il l\u2019a m\u00eame jet\u00e9 dans le feu ou dans l\u2019eau pour le faire p\u00e9rir. Mais si tu peux quelque chose, viens \u00e0 notre secours, par compassion envers nous\u00a0!\u00a0\u00bb<\/p><p><strong>23<\/strong>\u00a0J\u00e9sus lui d\u00e9clara\u00a0: \u00ab\u00a0Pourquoi dire\u00a0: \u201cSi tu peux\u201d\u2026\u00a0? Tout est possible pour celui qui croit.\u00a0\u00bb<\/p><p><strong>24<\/strong>\u00a0Aussit\u00f4t le p\u00e8re de l\u2019enfant s\u2019\u00e9cria\u00a0: \u00ab\u00a0Je crois\u00a0! Viens au secours de mon manque de foi\u00a0!\u00a0\u00bb<\/p><p><strong>25<\/strong>\u00a0J\u00e9sus vit que la foule s\u2019attroupait\u00a0; il mena\u00e7a l\u2019esprit impur, en lui disant\u00a0: \u00ab\u00a0Esprit qui rends muet et sourd, je te l\u2019ordonne, sors de cet enfant et n\u2019y rentre plus jamais\u00a0!\u00a0\u00bb<\/p><p><strong>26<\/strong>\u00a0Ayant pouss\u00e9 des cris et provoqu\u00e9 des convulsions, l\u2019esprit sortit. L\u2019enfant devint comme un cadavre, de sorte que tout le monde disait\u00a0: \u00ab\u00a0Il est mort.\u00a0\u00bb<\/p><p><strong>27<\/strong>\u00a0Mais J\u00e9sus, lui saisissant la main, le releva, et il se mit debout.<\/p><p><strong>28<\/strong>\u00a0Quand J\u00e9sus fut rentr\u00e9 \u00e0 la maison, ses disciples l\u2019interrog\u00e8rent en particulier\u00a0: \u00ab\u00a0Pourquoi est-ce que nous, nous n\u2019avons pas r\u00e9ussi \u00e0 l\u2019expulser\u00a0?\u00a0\u00bb<\/p><p><strong>29<\/strong>\u00a0J\u00e9sus leur r\u00e9pondit\u00a0: \u00ab\u00a0Cette esp\u00e8ce-l\u00e0, rien ne peut la faire sortir, sauf la pri\u00e8re.\u00a0\u00bb<\/p><p><strong>30<\/strong>\u00a0Partis de l\u00e0, ils traversaient la Galil\u00e9e, et J\u00e9sus ne voulait pas qu\u2019on le sache,<\/p><p><strong>31<\/strong>\u00a0car il enseignait ses disciples en leur disant\u00a0: \u00ab\u00a0Le Fils de l\u2019homme est livr\u00e9 aux mains des hommes\u00a0; ils le tueront et, trois jours apr\u00e8s sa mort, il ressuscitera.\u00a0\u00bb<\/p><p><strong>32<\/strong>\u00a0Mais les disciples ne comprenaient pas ces paroles et ils avaient peur de l\u2019interroger.<\/p><p><strong>33<\/strong>\u00a0Ils arriv\u00e8rent \u00e0 Capharna\u00fcm, et, une fois \u00e0 la maison, J\u00e9sus leur demanda\u00a0: \u00ab\u00a0De quoi discutiez-vous en chemin\u00a0?\u00a0\u00bb<\/p><p><strong>34<\/strong>\u00a0Ils se taisaient, car, en chemin, ils avaient discut\u00e9 entre eux pour savoir qui \u00e9tait le plus grand.<\/p><p><strong>35<\/strong>\u00a0S\u2019\u00e9tant assis, J\u00e9sus appela les Douze et leur dit\u00a0: \u00ab\u00a0Si quelqu\u2019un veut \u00eatre le premier, qu\u2019il soit le dernier de tous et le serviteur de tous.\u00a0\u00bb<\/p><p><strong>36<\/strong>\u00a0Prenant alors un enfant, il le pla\u00e7a au milieu d\u2019eux, l\u2019embrassa, et leur dit\u00a0:<\/p><p><strong>37<\/strong>\u00a0\u00ab\u00a0Quiconque accueille en mon nom un enfant comme celui-ci, c\u2019est moi qu\u2019il accueille. Et celui qui m\u2019accueille, ce n\u2019est pas moi qu\u2019il accueille, mais Celui qui m\u2019a envoy\u00e9.\u00a0\u00bb<\/p><p><strong>38<\/strong>\u00a0Jean, l\u2019un des Douze, disait \u00e0 J\u00e9sus\u00a0: \u00ab\u00a0Ma\u00eetre, nous avons vu quelqu\u2019un expulser les d\u00e9mons en ton nom\u00a0; nous l\u2019en avons emp\u00each\u00e9, car il n\u2019est pas de ceux qui nous suivent.\u00a0\u00bb<\/p><p><strong>39<\/strong>\u00a0J\u00e9sus r\u00e9pondit\u00a0: \u00ab\u00a0Ne l\u2019en emp\u00eachez pas, car celui qui fait un miracle en mon nom ne peut pas, aussit\u00f4t apr\u00e8s, mal parler de moi\u00a0;<\/p><p><strong>40<\/strong>\u00a0celui qui n\u2019est pas contre nous est pour nous.<\/p><p><strong>41<\/strong>\u00a0Et celui qui vous donnera un verre d\u2019eau au nom de votre appartenance au Christ, amen, je vous le dis, il ne restera pas sans r\u00e9compense.<\/p><p><strong>42<\/strong>\u00a0\u00ab\u00a0Celui qui est un scandale, une occasion de chute, pour un seul de ces petits qui croient en moi, mieux vaudrait pour lui qu\u2019on lui attache au cou une de ces meules que tournent les \u00e2nes, et qu\u2019on le jette \u00e0 la mer.\u00a0<\/p><p><strong>43<\/strong>\u00a0Et si ta main est pour toi une occasion de chute, coupe-la. Mieux vaut pour toi entrer manchot dans la vie \u00e9ternelle que de t\u2019en aller dans la g\u00e9henne avec tes deux mains, l\u00e0 o\u00f9 le feu ne s\u2019\u00e9teint pas.<\/p><p><strong>45<\/strong>\u00a0Si ton pied est pour toi une occasion de chute, coupe-le. Mieux vaut pour toi entrer estropi\u00e9 dans la vie \u00e9ternelle que de t\u2019en aller dans la g\u00e9henne avec tes deux pieds.<\/p><p><strong>47<\/strong>\u00a0Si ton \u0153il est pour toi une occasion de chute, arrache-le. Mieux vaut pour toi entrer borgne dans le royaume de Dieu que de t\u2019en aller dans la g\u00e9henne avec tes deux yeux,<\/p><p><strong>48<\/strong>\u00a0l\u00e0 o\u00f9 le ver ne meurt pas et o\u00f9 le feu ne s\u2019\u00e9teint pas.<\/p><p><strong>49<\/strong>\u00a0Chacun sera sal\u00e9 au feu.<\/p><p><strong>50<\/strong>\u00a0C\u2019est une bonne chose que le sel\u00a0; mais s\u2019il cesse d\u2019\u00eatre du sel, avec quoi allez-vous lui rendre sa saveur\u00a0? Ayez du sel en vous-m\u00eames, et vivez en paix entre vous.\u00a0\u00bb<\/p><cite>Evangile selon Saint Marc, Chapitre 9<\/cite><\/blockquote>\n","protected":false},"excerpt":{"rendered":"<p>Pour cette seconde p\u00e9riode de confinement, nous sommes invit\u00e9s \u00e0 partager entre nous et au sein de notre grande communaut\u00e9 l&rsquo;Evangile selon Saint-Marc. Aujourd&rsquo;hui, le chapitre 9 : 01\u00a0Et il leur disait\u00a0: \u00ab\u00a0Amen, je vous le dis\u00a0: parmi ceux qui sont ici, certains ne conna\u00eetront pas la mort avant d\u2019avoir vu le r\u00e8gne de Dieu&hellip; <br \/> <a class=\"read-more\" href=\"https:\/\/paroisseaumalebraypicardie.fr\/index.php\/2020\/12\/01\/saint-marc-a-domicile-chapitre-9\/\">Lire la suite<\/a><\/p>\n","protected":false},"author":1,"featured_media":13910,"comment_status":"open","ping_status":"open","sticky":false,"template":"","format":"standard","meta":{"h5ap_radio_sources":[],"jetpack_post_was_ever_published":false,"_jetpack_newsletter_access":"","_jetpack_dont_email_post_to_subs":false,"_jetpack_newsletter_tier_id":0,"_jetpack_memberships_contains_paywalled_content":false,"footnotes":"","_jetpack_memberships_contains_paid_content":false,"jetpack_publicize_message":"SAINT MARC \u00e0 domicile - Le Chapitre 9 est \u00e0 lire et \u00e0 \u00e9couter sur notre site et notre chaine YT !\n#prions #evangile #ensemble","jetpack_publicize_feature_enabled":true,"jetpack_social_post_already_shared":true,"jetpack_social_options":{"image_generator_settings":{"template":"highway","enabled":false},"version":2}},"categories":[114],"tags":[115,121],"jetpack_publicize_connections":[],"yoast_head":"<!-- This site is optimized with the Yoast SEO plugin v19.13 - https:\/\/yoast.com\/wordpress\/plugins\/seo\/ -->\n<title>SAINT MARC \u00e0 domicile - Chapitre 9 - Paroisse Aumale Bray Picardie.fr<\/title>\n<meta name=\"description\" content=\"Pendant le confinement, nous sommes invit\u00e9s \u00e0 partager ensemble l&#039;Evangile selon Saint Marc. C&#039;est SAINT MARC \u00e0 domicile ! Chapitre 9\" \/>\n<meta name=\"robots\" content=\"index, follow, max-snippet:-1, max-image-preview:large, max-video-preview:-1\" \/>\n<link rel=\"canonical\" href=\"https:\/\/paroisseaumalebraypicardie.fr\/index.php\/2020\/12\/01\/saint-marc-a-domicile-chapitre-9\/\" \/>\n<meta property=\"og:locale\" content=\"fr_FR\" \/>\n<meta property=\"og:type\" content=\"article\" \/>\n<meta property=\"og:title\" content=\"SAINT MARC \u00e0 domicile - Chapitre 9 - Paroisse Aumale Bray Picardie.fr\" \/>\n<meta property=\"og:description\" content=\"Pendant le confinement, nous sommes invit\u00e9s \u00e0 partager ensemble l&#039;Evangile selon Saint Marc. C&#039;est SAINT MARC \u00e0 domicile ! Chapitre 9\" \/>\n<meta property=\"og:url\" content=\"https:\/\/paroisseaumalebraypicardie.fr\/index.php\/2020\/12\/01\/saint-marc-a-domicile-chapitre-9\/\" \/>\n<meta property=\"og:site_name\" content=\"Paroisse Aumale Bray Picardie.fr\" \/>\n<meta property=\"article:publisher\" content=\"https:\/\/www.facebook.com\/Paroisse-dAumale-1052241828150031\" \/>\n<meta property=\"article:published_time\" content=\"2020-12-01T21:58:01+00:00\" \/>\n<meta property=\"article:modified_time\" content=\"2020-12-01T21:58:02+00:00\" \/>\n<meta property=\"og:image\" content=\"https:\/\/i0.wp.com\/paroisseaumalebraypicardie.fr\/wp-content\/uploads\/2020\/12\/mq1.jpg?fit=320%2C180&ssl=1\" \/>\n\t<meta property=\"og:image:width\" content=\"320\" \/>\n\t<meta property=\"og:image:height\" content=\"180\" \/>\n\t<meta property=\"og:image:type\" content=\"image\/jpeg\" \/>\n<meta name=\"author\" content=\"admin8375\" \/>\n<meta name=\"twitter:card\" content=\"summary_large_image\" \/>\n<meta name=\"twitter:creator\" content=\"@ParoisseABP\" \/>\n<meta name=\"twitter:site\" content=\"@ParoisseABP\" \/>\n<meta name=\"twitter:label1\" content=\"\u00c9crit par\" \/>\n\t<meta name=\"twitter:data1\" content=\"admin8375\" \/>\n\t<meta name=\"twitter:label2\" content=\"Dur\u00e9e de lecture estim\u00e9e\" \/>\n\t<meta name=\"twitter:data2\" content=\"6 minutes\" \/>\n<script type=\"application\/ld+json\" class=\"yoast-schema-graph\">{\"@context\":\"https:\/\/schema.org\",\"@graph\":[{\"@type\":\"Article\",\"@id\":\"https:\/\/paroisseaumalebraypicardie.fr\/index.php\/2020\/12\/01\/saint-marc-a-domicile-chapitre-9\/#article\",\"isPartOf\":{\"@id\":\"https:\/\/paroisseaumalebraypicardie.fr\/index.php\/2020\/12\/01\/saint-marc-a-domicile-chapitre-9\/\"},\"author\":{\"name\":\"admin8375\",\"@id\":\"https:\/\/paroisseaumalebraypicardie.fr\/#\/schema\/person\/048a3a754dfd061999a2ebfed0f0c133\"},\"headline\":\"SAINT MARC \u00e0 domicile &#8211; Chapitre 9\",\"datePublished\":\"2020-12-01T21:58:01+00:00\",\"dateModified\":\"2020-12-01T21:58:02+00:00\",\"mainEntityOfPage\":{\"@id\":\"https:\/\/paroisseaumalebraypicardie.fr\/index.php\/2020\/12\/01\/saint-marc-a-domicile-chapitre-9\/\"},\"wordCount\":1252,\"commentCount\":0,\"publisher\":{\"@id\":\"https:\/\/paroisseaumalebraypicardie.fr\/#organization\"},\"keywords\":[\"Evangile\",\"Saint Marc \u00e0 domicile\"],\"articleSection\":[\"ST MARC A DOMICILE\"],\"inLanguage\":\"fr-FR\",\"potentialAction\":[{\"@type\":\"CommentAction\",\"name\":\"Comment\",\"target\":[\"https:\/\/paroisseaumalebraypicardie.fr\/index.php\/2020\/12\/01\/saint-marc-a-domicile-chapitre-9\/#respond\"]}]},{\"@type\":\"WebPage\",\"@id\":\"https:\/\/paroisseaumalebraypicardie.fr\/index.php\/2020\/12\/01\/saint-marc-a-domicile-chapitre-9\/\",\"url\":\"https:\/\/paroisseaumalebraypicardie.fr\/index.php\/2020\/12\/01\/saint-marc-a-domicile-chapitre-9\/\",\"name\":\"SAINT MARC \u00e0 domicile - Chapitre 9 - Paroisse Aumale Bray Picardie.fr\",\"isPartOf\":{\"@id\":\"https:\/\/paroisseaumalebraypicardie.fr\/#website\"},\"datePublished\":\"2020-12-01T21:58:01+00:00\",\"dateModified\":\"2020-12-01T21:58:02+00:00\",\"description\":\"Pendant le confinement, nous sommes invit\u00e9s \u00e0 partager ensemble l'Evangile selon Saint Marc. C'est SAINT MARC \u00e0 domicile ! Chapitre 9\",\"breadcrumb\":{\"@id\":\"https:\/\/paroisseaumalebraypicardie.fr\/index.php\/2020\/12\/01\/saint-marc-a-domicile-chapitre-9\/#breadcrumb\"},\"inLanguage\":\"fr-FR\",\"potentialAction\":[{\"@type\":\"ReadAction\",\"target\":[\"https:\/\/paroisseaumalebraypicardie.fr\/index.php\/2020\/12\/01\/saint-marc-a-domicile-chapitre-9\/\"]}]},{\"@type\":\"BreadcrumbList\",\"@id\":\"https:\/\/paroisseaumalebraypicardie.fr\/index.php\/2020\/12\/01\/saint-marc-a-domicile-chapitre-9\/#breadcrumb\",\"itemListElement\":[{\"@type\":\"ListItem\",\"position\":1,\"name\":\"Accueil\",\"item\":\"https:\/\/paroisseaumalebraypicardie.fr\/\"},{\"@type\":\"ListItem\",\"position\":2,\"name\":\"SAINT MARC \u00e0 domicile &#8211; Chapitre 9\"}]},{\"@type\":\"WebSite\",\"@id\":\"https:\/\/paroisseaumalebraypicardie.fr\/#website\",\"url\":\"https:\/\/paroisseaumalebraypicardie.fr\/\",\"name\":\"Paroisse Aumale Bray Picardie.fr\",\"description\":\"\",\"publisher\":{\"@id\":\"https:\/\/paroisseaumalebraypicardie.fr\/#organization\"},\"potentialAction\":[{\"@type\":\"SearchAction\",\"target\":{\"@type\":\"EntryPoint\",\"urlTemplate\":\"https:\/\/paroisseaumalebraypicardie.fr\/?s={search_term_string}\"},\"query-input\":\"required name=search_term_string\"}],\"inLanguage\":\"fr-FR\"},{\"@type\":\"Organization\",\"@id\":\"https:\/\/paroisseaumalebraypicardie.fr\/#organization\",\"name\":\"Paroisse Aumale Bray Picardie\",\"url\":\"https:\/\/paroisseaumalebraypicardie.fr\/\",\"logo\":{\"@type\":\"ImageObject\",\"inLanguage\":\"fr-FR\",\"@id\":\"https:\/\/paroisseaumalebraypicardie.fr\/#\/schema\/logo\/image\/\",\"url\":\"https:\/\/i1.wp.com\/paroisseaumalebraypicardie.fr\/wp-content\/uploads\/2020\/01\/img_1256_47985338107_o-scaled.jpg?fit=2560%2C1912\",\"contentUrl\":\"https:\/\/i1.wp.com\/paroisseaumalebraypicardie.fr\/wp-content\/uploads\/2020\/01\/img_1256_47985338107_o-scaled.jpg?fit=2560%2C1912\",\"width\":2560,\"height\":1912,\"caption\":\"Paroisse Aumale Bray Picardie\"},\"image\":{\"@id\":\"https:\/\/paroisseaumalebraypicardie.fr\/#\/schema\/logo\/image\/\"},\"sameAs\":[\"https:\/\/www.instagram.com\/paroisseaumalebp\/?hl=fr\",\"https:\/\/www.youtube.com\/channel\/UCdzO2T1JOuFy9b6jaJdSyaQ?view_as=subscriber\",\"https:\/\/www.facebook.com\/Paroisse-dAumale-1052241828150031\",\"https:\/\/twitter.com\/ParoisseABP\"]},{\"@type\":\"Person\",\"@id\":\"https:\/\/paroisseaumalebraypicardie.fr\/#\/schema\/person\/048a3a754dfd061999a2ebfed0f0c133\",\"name\":\"admin8375\",\"image\":{\"@type\":\"ImageObject\",\"inLanguage\":\"fr-FR\",\"@id\":\"https:\/\/paroisseaumalebraypicardie.fr\/#\/schema\/person\/image\/\",\"url\":\"https:\/\/secure.gravatar.com\/avatar\/83a82140e6728d429cb70143cacc8630?s=96&d=mm&r=g\",\"contentUrl\":\"https:\/\/secure.gravatar.com\/avatar\/83a82140e6728d429cb70143cacc8630?s=96&d=mm&r=g\",\"caption\":\"admin8375\"},\"sameAs\":[\"http:\/\/www.paroisseaumalebraypicardie.fr\"],\"url\":\"https:\/\/paroisseaumalebraypicardie.fr\/index.php\/author\/admin8375\/\"}]}<\/script>\n<!-- \/ Yoast SEO plugin. -->","yoast_head_json":{"title":"SAINT MARC \u00e0 domicile - Chapitre 9 - Paroisse Aumale Bray Picardie.fr","description":"Pendant le confinement, nous sommes invit\u00e9s \u00e0 partager ensemble l'Evangile selon Saint Marc. C'est SAINT MARC \u00e0 domicile ! Chapitre 9","robots":{"index":"index","follow":"follow","max-snippet":"max-snippet:-1","max-image-preview":"max-image-preview:large","max-video-preview":"max-video-preview:-1"},"canonical":"https:\/\/paroisseaumalebraypicardie.fr\/index.php\/2020\/12\/01\/saint-marc-a-domicile-chapitre-9\/","og_locale":"fr_FR","og_type":"article","og_title":"SAINT MARC \u00e0 domicile - Chapitre 9 - Paroisse Aumale Bray Picardie.fr","og_description":"Pendant le confinement, nous sommes invit\u00e9s \u00e0 partager ensemble l'Evangile selon Saint Marc. C'est SAINT MARC \u00e0 domicile ! Chapitre 9","og_url":"https:\/\/paroisseaumalebraypicardie.fr\/index.php\/2020\/12\/01\/saint-marc-a-domicile-chapitre-9\/","og_site_name":"Paroisse Aumale Bray Picardie.fr","article_publisher":"https:\/\/www.facebook.com\/Paroisse-dAumale-1052241828150031","article_published_time":"2020-12-01T21:58:01+00:00","article_modified_time":"2020-12-01T21:58:02+00:00","og_image":[{"width":320,"height":180,"url":"https:\/\/i0.wp.com\/paroisseaumalebraypicardie.fr\/wp-content\/uploads\/2020\/12\/mq1.jpg?fit=320%2C180&ssl=1","type":"image\/jpeg"}],"author":"admin8375","twitter_card":"summary_large_image","twitter_creator":"@ParoisseABP","twitter_site":"@ParoisseABP","twitter_misc":{"\u00c9crit par":"admin8375","Dur\u00e9e de lecture estim\u00e9e":"6 minutes"},"schema":{"@context":"https:\/\/schema.org","@graph":[{"@type":"Article","@id":"https:\/\/paroisseaumalebraypicardie.fr\/index.php\/2020\/12\/01\/saint-marc-a-domicile-chapitre-9\/#article","isPartOf":{"@id":"https:\/\/paroisseaumalebraypicardie.fr\/index.php\/2020\/12\/01\/saint-marc-a-domicile-chapitre-9\/"},"author":{"name":"admin8375","@id":"https:\/\/paroisseaumalebraypicardie.fr\/#\/schema\/person\/048a3a754dfd061999a2ebfed0f0c133"},"headline":"SAINT MARC \u00e0 domicile &#8211; Chapitre 9","datePublished":"2020-12-01T21:58:01+00:00","dateModified":"2020-12-01T21:58:02+00:00","mainEntityOfPage":{"@id":"https:\/\/paroisseaumalebraypicardie.fr\/index.php\/2020\/12\/01\/saint-marc-a-domicile-chapitre-9\/"},"wordCount":1252,"commentCount":0,"publisher":{"@id":"https:\/\/paroisseaumalebraypicardie.fr\/#organization"},"keywords":["Evangile","Saint Marc \u00e0 domicile"],"articleSection":["ST MARC A DOMICILE"],"inLanguage":"fr-FR","potentialAction":[{"@type":"CommentAction","name":"Comment","target":["https:\/\/paroisseaumalebraypicardie.fr\/index.php\/2020\/12\/01\/saint-marc-a-domicile-chapitre-9\/#respond"]}]},{"@type":"WebPage","@id":"https:\/\/paroisseaumalebraypicardie.fr\/index.php\/2020\/12\/01\/saint-marc-a-domicile-chapitre-9\/","url":"https:\/\/paroisseaumalebraypicardie.fr\/index.php\/2020\/12\/01\/saint-marc-a-domicile-chapitre-9\/","name":"SAINT MARC \u00e0 domicile - Chapitre 9 - Paroisse Aumale Bray Picardie.fr","isPartOf":{"@id":"https:\/\/paroisseaumalebraypicardie.fr\/#website"},"datePublished":"2020-12-01T21:58:01+00:00","dateModified":"2020-12-01T21:58:02+00:00","description":"Pendant le confinement, nous sommes invit\u00e9s \u00e0 partager ensemble l'Evangile selon Saint Marc. C'est SAINT MARC \u00e0 domicile ! Chapitre 9","breadcrumb":{"@id":"https:\/\/paroisseaumalebraypicardie.fr\/index.php\/2020\/12\/01\/saint-marc-a-domicile-chapitre-9\/#breadcrumb"},"inLanguage":"fr-FR","potentialAction":[{"@type":"ReadAction","target":["https:\/\/paroisseaumalebraypicardie.fr\/index.php\/2020\/12\/01\/saint-marc-a-domicile-chapitre-9\/"]}]},{"@type":"BreadcrumbList","@id":"https:\/\/paroisseaumalebraypicardie.fr\/index.php\/2020\/12\/01\/saint-marc-a-domicile-chapitre-9\/#breadcrumb","itemListElement":[{"@type":"ListItem","position":1,"name":"Accueil","item":"https:\/\/paroisseaumalebraypicardie.fr\/"},{"@type":"ListItem","position":2,"name":"SAINT MARC \u00e0 domicile &#8211; Chapitre 9"}]},{"@type":"WebSite","@id":"https:\/\/paroisseaumalebraypicardie.fr\/#website","url":"https:\/\/paroisseaumalebraypicardie.fr\/","name":"Paroisse Aumale Bray Picardie.fr","description":"","publisher":{"@id":"https:\/\/paroisseaumalebraypicardie.fr\/#organization"},"potentialAction":[{"@type":"SearchAction","target":{"@type":"EntryPoint","urlTemplate":"https:\/\/paroisseaumalebraypicardie.fr\/?s={search_term_string}"},"query-input":"required name=search_term_string"}],"inLanguage":"fr-FR"},{"@type":"Organization","@id":"https:\/\/paroisseaumalebraypicardie.fr\/#organization","name":"Paroisse Aumale Bray Picardie","url":"https:\/\/paroisseaumalebraypicardie.fr\/","logo":{"@type":"ImageObject","inLanguage":"fr-FR","@id":"https:\/\/paroisseaumalebraypicardie.fr\/#\/schema\/logo\/image\/","url":"https:\/\/i1.wp.com\/paroisseaumalebraypicardie.fr\/wp-content\/uploads\/2020\/01\/img_1256_47985338107_o-scaled.jpg?fit=2560%2C1912","contentUrl":"https:\/\/i1.wp.com\/paroisseaumalebraypicardie.fr\/wp-content\/uploads\/2020\/01\/img_1256_47985338107_o-scaled.jpg?fit=2560%2C1912","width":2560,"height":1912,"caption":"Paroisse Aumale Bray Picardie"},"image":{"@id":"https:\/\/paroisseaumalebraypicardie.fr\/#\/schema\/logo\/image\/"},"sameAs":["https:\/\/www.instagram.com\/paroisseaumalebp\/?hl=fr","https:\/\/www.youtube.com\/channel\/UCdzO2T1JOuFy9b6jaJdSyaQ?view_as=subscriber","https:\/\/www.facebook.com\/Paroisse-dAumale-1052241828150031","https:\/\/twitter.com\/ParoisseABP"]},{"@type":"Person","@id":"https:\/\/paroisseaumalebraypicardie.fr\/#\/schema\/person\/048a3a754dfd061999a2ebfed0f0c133","name":"admin8375","image":{"@type":"ImageObject","inLanguage":"fr-FR","@id":"https:\/\/paroisseaumalebraypicardie.fr\/#\/schema\/person\/image\/","url":"https:\/\/secure.gravatar.com\/avatar\/83a82140e6728d429cb70143cacc8630?s=96&d=mm&r=g","contentUrl":"https:\/\/secure.gravatar.com\/avatar\/83a82140e6728d429cb70143cacc8630?s=96&d=mm&r=g","caption":"admin8375"},"sameAs":["http:\/\/www.paroisseaumalebraypicardie.fr"],"url":"https:\/\/paroisseaumalebraypicardie.fr\/index.php\/author\/admin8375\/"}]}},"jetpack_featured_media_url":"https:\/\/i0.wp.com\/paroisseaumalebraypicardie.fr\/wp-content\/uploads\/2020\/12\/mq1.jpg?fit=320%2C180&ssl=1","jetpack_sharing_enabled":true,"_links":{"self":[{"href":"https:\/\/paroisseaumalebraypicardie.fr\/index.php\/wp-json\/wp\/v2\/posts\/13905"}],"collection":[{"href":"https:\/\/paroisseaumalebraypicardie.fr\/index.php\/wp-json\/wp\/v2\/posts"}],"about":[{"href":"https:\/\/paroisseaumalebraypicardie.fr\/index.php\/wp-json\/wp\/v2\/types\/post"}],"author":[{"embeddable":true,"href":"https:\/\/paroisseaumalebraypicardie.fr\/index.php\/wp-json\/wp\/v2\/users\/1"}],"replies":[{"embeddable":true,"href":"https:\/\/paroisseaumalebraypicardie.fr\/index.php\/wp-json\/wp\/v2\/comments?post=13905"}],"version-history":[{"count":1,"href":"https:\/\/paroisseaumalebraypicardie.fr\/index.php\/wp-json\/wp\/v2\/posts\/13905\/revisions"}],"predecessor-version":[{"id":13911,"href":"https:\/\/paroisseaumalebraypicardie.fr\/index.php\/wp-json\/wp\/v2\/posts\/13905\/revisions\/13911"}],"wp:featuredmedia":[{"embeddable":true,"href":"https:\/\/paroisseaumalebraypicardie.fr\/index.php\/wp-json\/wp\/v2\/media\/13910"}],"wp:attachment":[{"href":"https:\/\/paroisseaumalebraypicardie.fr\/index.php\/wp-json\/wp\/v2\/media?parent=13905"}],"wp:term":[{"taxonomy":"category","embeddable":true,"href":"https:\/\/paroisseaumalebraypicardie.fr\/index.php\/wp-json\/wp\/v2\/categories?post=13905"},{"taxonomy":"post_tag","embeddable":true,"href":"https:\/\/paroisseaumalebraypicardie.fr\/index.php\/wp-json\/wp\/v2\/tags?post=13905"}],"curies":[{"name":"wp","href":"https:\/\/api.w.org\/{rel}","templated":true}]}}