{"id":14281,"date":"2020-12-08T14:30:52","date_gmt":"2020-12-08T13:30:52","guid":{"rendered":"http:\/\/paroisseaumalebraypicardie.fr\/?p=14281"},"modified":"2020-12-08T14:30:54","modified_gmt":"2020-12-08T13:30:54","slug":"saint-marc-a-domicile-chapitre-11","status":"publish","type":"post","link":"https:\/\/paroisseaumalebraypicardie.fr\/index.php\/2020\/12\/08\/saint-marc-a-domicile-chapitre-11\/","title":{"rendered":"SAINT MARC \u00e0 domicile &#8211; Chapitre 11"},"content":{"rendered":"\n<p>Pour cette seconde p\u00e9riode de confinement, nous sommes invit\u00e9s \u00e0 partager entre nous et au sein de notre grande communaut\u00e9 l&rsquo;Evangile selon Saint-Marc.<\/p>\n\n\n\n<p>Aujourd&rsquo;hui, le chapitre 11:<\/p>\n\n\n\n<figure class=\"wp-block-embed-youtube wp-block-embed is-type-video is-provider-youtube wp-embed-aspect-16-9 wp-has-aspect-ratio\"><div class=\"wp-block-embed__wrapper\">\n<div class='embed-container'><iframe loading=\"lazy\" title=\"SAINT MARC \u00e0 domicile - Chapitre 11\" width=\"1920\" height=\"1080\" src=\"https:\/\/www.youtube.com\/embed\/KVAIg_G4l1I?feature=oembed\" frameborder=\"0\" allow=\"accelerometer; autoplay; clipboard-write; encrypted-media; gyroscope; picture-in-picture\" allowfullscreen><\/iframe><\/div>\n<\/div><figcaption>Saint Marc \u00e0 domicile &#8211; Chapitre 11<\/figcaption><\/figure>\n\n\n\n<blockquote class=\"wp-block-quote\"><p><strong>01<\/strong>\u00a0Lorsqu\u2019ils approchent de J\u00e9rusalem, vers Bethphag\u00e9 et B\u00e9thanie, pr\u00e8s du mont des Oliviers, J\u00e9sus envoie deux de ses disciples<\/p><p><strong>02<\/strong>\u00a0et leur dit\u00a0: \u00ab\u00a0Allez au village qui est en face de vous. D\u00e8s que vous y entrerez, vous trouverez un petit \u00e2ne attach\u00e9, sur lequel personne ne s\u2019est encore assis. D\u00e9tachez-le et amenez-le.<\/p><p><strong>03<\/strong>\u00a0Si l\u2019on vous dit\u00a0: \u201cQue faites-vous l\u00e0\u00a0?\u201d, r\u00e9pondez\u00a0: \u201cLe Seigneur en a besoin, mais il vous le renverra aussit\u00f4t.\u201d\u00a0\u00bb<\/p><p><strong>04<\/strong>\u00a0Ils partirent, trouv\u00e8rent un petit \u00e2ne attach\u00e9 pr\u00e8s d\u2019une porte, dehors, dans la rue, et ils le d\u00e9tach\u00e8rent.<\/p><p><strong>05<\/strong>\u00a0Des gens qui se trouvaient l\u00e0 leur demandaient\u00a0: \u00ab\u00a0Qu\u2019avez-vous \u00e0 d\u00e9tacher cet \u00e2non\u00a0?\u00a0\u00bb<\/p><p><strong>06<\/strong>\u00a0Ils r\u00e9pondirent ce que J\u00e9sus leur avait dit, et on les laissa faire.<\/p><p><strong>07<\/strong>\u00a0Ils amen\u00e8rent le petit \u00e2ne \u00e0 J\u00e9sus, le couvrirent de leurs manteaux, et J\u00e9sus s\u2019assit dessus.<\/p><p><strong>08<\/strong>\u00a0Alors, beaucoup de gens \u00e9tendirent leurs manteaux sur le chemin, d\u2019autres, des feuillages coup\u00e9s dans les champs.<\/p><p><strong>09<\/strong>\u00a0Ceux qui marchaient devant et ceux qui suivaient criaient\u00a0: \u00ab\u00a0Hosanna\u00a0! B\u00e9ni soit celui qui vient au nom du Seigneur\u00a0!<\/p><p><strong>10<\/strong>\u00a0B\u00e9ni soit le R\u00e8gne qui vient, celui de David, notre p\u00e8re. Hosanna au plus haut des cieux\u00a0!\u00a0\u00bb<\/p><p><strong>11<\/strong>\u00a0J\u00e9sus entra \u00e0 J\u00e9rusalem, dans le Temple. Il parcourut du regard toutes choses et, comme c\u2019\u00e9tait d\u00e9j\u00e0 le soir, il sortit pour aller \u00e0 B\u00e9thanie avec les Douze.<\/p><p><strong>12<\/strong>\u00a0Le lendemain, quand ils quitt\u00e8rent B\u00e9thanie, il eut faim.<\/p><p><strong>13<\/strong>\u00a0Voyant de loin un figuier qui avait des feuilles, il alla voir s\u2019il y trouverait quelque chose\u00a0; mais, en s\u2019approchant, il ne trouva que des feuilles, car ce n\u2019\u00e9tait pas la saison des figues.<\/p><p><strong>14<\/strong>\u00a0Alors il dit au figuier\u00a0: \u00ab\u00a0Que jamais plus personne ne mange de tes fruits\u00a0!\u00a0\u00bb Et ses disciples avaient bien entendu.<\/p><p><strong>15<\/strong>\u00a0Ils arriv\u00e8rent \u00e0 J\u00e9rusalem. Entr\u00e9 dans le Temple, J\u00e9sus se mit \u00e0 expulser ceux qui vendaient et ceux qui achetaient dans le Temple. Il renversa les comptoirs des changeurs et les si\u00e8ges des marchands de colombes,<\/p><p><strong>16<\/strong>\u00a0et il ne laissait personne transporter quoi que ce soit \u00e0 travers le Temple.\u00a0<\/p><p><strong>17<\/strong>\u00a0Il enseignait, et il d\u00e9clarait aux gens\u00a0: \u00ab\u00a0L\u2019\u00c9criture ne dit-elle pas\u00a0: Ma maison sera appel\u00e9e maison de pri\u00e8re pour toutes les nations\u00a0? Or vous, vous en avez fait une caverne de bandits.\u00a0\u00bb<\/p><p><strong>18<\/strong>\u00a0Apprenant cela, les grands pr\u00eatres et les scribes cherchaient comment le faire p\u00e9rir. En effet, ils avaient peur de lui, car toute la foule \u00e9tait frapp\u00e9e par son enseignement.<\/p><p><strong>19<\/strong>\u00a0Et quand le soir tomba, J\u00e9sus et ses disciples s\u2019en all\u00e8rent hors de la ville.<\/p><p><strong>20<\/strong>\u00a0Le lendemain matin, en passant, ils virent le figuier qui \u00e9tait dess\u00e9ch\u00e9 jusqu\u2019aux racines.<\/p><p><strong>21<\/strong>\u00a0Pierre, se rappelant ce qui s\u2019\u00e9tait pass\u00e9, dit \u00e0 J\u00e9sus\u00a0: \u00ab\u00a0Rabbi, regarde\u00a0: le figuier que tu as maudit est dess\u00e9ch\u00e9.\u00a0\u00bb<\/p><p><strong>22<\/strong>\u00a0Alors J\u00e9sus, prenant la parole, leur dit\u00a0: \u00ab\u00a0Ayez foi en Dieu.<\/p><p><strong>23<\/strong>\u00a0Amen, je vous le dis\u00a0: quiconque dira \u00e0 cette montagne\u00a0: \u201cEnl\u00e8ve-toi de l\u00e0, et va te jeter dans la mer\u201d, s\u2019il ne doute pas dans son c\u0153ur, mais s\u2019il croit que ce qu\u2019il dit arrivera, cela lui sera accord\u00e9\u00a0!<\/p><p><strong>24<\/strong>\u00a0C\u2019est pourquoi, je vous le dis\u00a0: tout ce que vous demandez dans la pri\u00e8re, croyez que vous l\u2019avez obtenu, et cela vous sera accord\u00e9.<\/p><p><strong>25<\/strong>\u00a0Et quand vous vous tenez en pri\u00e8re, si vous avez quelque chose contre quelqu\u2019un, pardonnez, afin que votre P\u00e8re qui est aux cieux vous pardonne aussi vos fautes.\u00a0\u00bb<\/p><p><strong>27<\/strong>\u00a0J\u00e9sus et ses disciples reviennent \u00e0 J\u00e9rusalem. Et comme J\u00e9sus allait et venait dans le Temple, les grands pr\u00eatres, les scribes et les anciens vinrent le trouver.<\/p><p><strong>28<\/strong>\u00a0Ils lui demandaient\u00a0: \u00ab\u00a0Par quelle autorit\u00e9 fais-tu cela\u00a0? Ou alors qui t\u2019a donn\u00e9 cette autorit\u00e9 pour le faire\u00a0?\u00a0\u00bb<\/p><p><strong>29<\/strong>\u00a0J\u00e9sus leur dit\u00a0: \u00ab\u00a0Je vais vous poser une seule question. R\u00e9pondez-moi, et je vous dirai par quelle autorit\u00e9 je fais cela.<\/p><p><strong>30<\/strong>\u00a0Le bapt\u00eame de Jean venait-il du ciel ou des hommes\u00a0? R\u00e9pondez-moi.\u00a0\u00bb<\/p><p><strong>31<\/strong>\u00a0Ils se faisaient entre eux ce raisonnement\u00a0: \u00ab\u00a0Si nous disons\u00a0: \u201cDu ciel\u201d, il va dire\u00a0: \u201cPourquoi donc n\u2019avez-vous pas cru \u00e0 sa parole\u00a0?\u201d<\/p><p><strong>32<\/strong>\u00a0Mais allons-nous dire\u00a0: \u201cDes hommes\u201d\u00a0?\u00a0\u00bb Ils avaient peur de la foule, car tout le monde estimait que Jean \u00e9tait r\u00e9ellement un proph\u00e8te.<\/p><p><strong>33<\/strong>\u00a0Ils r\u00e9pondent donc \u00e0 J\u00e9sus\u00a0: \u00ab\u00a0Nous ne savons pas\u00a0!\u00a0\u00bb Alors J\u00e9sus leur dit\u00a0: \u00ab\u00a0Moi, je ne vous dis pas non plus par quelle autorit\u00e9 je fais cela.\u00a0\u00bb<\/p><cite>Evangile selon Saint Marc &#8211; chapitre 11<\/cite><\/blockquote>\n","protected":false},"excerpt":{"rendered":"<p>Pour cette seconde p\u00e9riode de confinement, nous sommes invit\u00e9s \u00e0 partager entre nous et au sein de notre grande communaut\u00e9 l&rsquo;Evangile selon Saint-Marc. Aujourd&rsquo;hui, le chapitre 11: 01\u00a0Lorsqu\u2019ils approchent de J\u00e9rusalem, vers Bethphag\u00e9 et B\u00e9thanie, pr\u00e8s du mont des Oliviers, J\u00e9sus envoie deux de ses disciples 02\u00a0et leur dit\u00a0: \u00ab\u00a0Allez au village qui est en&hellip; <br \/> <a class=\"read-more\" href=\"https:\/\/paroisseaumalebraypicardie.fr\/index.php\/2020\/12\/08\/saint-marc-a-domicile-chapitre-11\/\">Lire la suite<\/a><\/p>\n","protected":false},"author":1,"featured_media":14283,"comment_status":"open","ping_status":"open","sticky":false,"template":"","format":"standard","meta":{"h5ap_radio_sources":[],"jetpack_post_was_ever_published":false,"_jetpack_newsletter_access":"","_jetpack_dont_email_post_to_subs":false,"_jetpack_newsletter_tier_id":0,"_jetpack_memberships_contains_paywalled_content":false,"footnotes":"","_jetpack_memberships_contains_paid_content":false,"jetpack_publicize_message":"SAINT MARC \u00e0 domicile - Le Chapitre 11 est disponible Pourquoi n'avez-vous donc pas cru sa parole ?","jetpack_publicize_feature_enabled":true,"jetpack_social_post_already_shared":true,"jetpack_social_options":{"image_generator_settings":{"template":"highway","enabled":false},"version":2}},"categories":[114],"tags":[115,117],"jetpack_publicize_connections":[],"yoast_head":"<!-- This site is optimized with the Yoast SEO plugin v19.13 - https:\/\/yoast.com\/wordpress\/plugins\/seo\/ -->\n<title>SAINT MARC \u00e0 domicile - Chapitre 11 - Paroisse Aumale Bray Picardie.fr<\/title>\n<meta name=\"description\" content=\"Pendant le confinement, nous sommes invit\u00e9s \u00e0 partager ensemble l&#039;Evangile selon Saint Marc. C&#039;est SAINT MARC \u00e0 domicile ! Chapitre 11\" \/>\n<meta name=\"robots\" content=\"index, follow, max-snippet:-1, max-image-preview:large, max-video-preview:-1\" \/>\n<link rel=\"canonical\" href=\"https:\/\/paroisseaumalebraypicardie.fr\/index.php\/2020\/12\/08\/saint-marc-a-domicile-chapitre-11\/\" \/>\n<meta property=\"og:locale\" content=\"fr_FR\" \/>\n<meta property=\"og:type\" content=\"article\" \/>\n<meta property=\"og:title\" content=\"SAINT MARC \u00e0 domicile - Chapitre 11 - Paroisse Aumale Bray Picardie.fr\" \/>\n<meta property=\"og:description\" content=\"Pendant le confinement, nous sommes invit\u00e9s \u00e0 partager ensemble l&#039;Evangile selon Saint Marc. C&#039;est SAINT MARC \u00e0 domicile ! Chapitre 11\" \/>\n<meta property=\"og:url\" content=\"https:\/\/paroisseaumalebraypicardie.fr\/index.php\/2020\/12\/08\/saint-marc-a-domicile-chapitre-11\/\" \/>\n<meta property=\"og:site_name\" content=\"Paroisse Aumale Bray Picardie.fr\" \/>\n<meta property=\"article:publisher\" content=\"https:\/\/www.facebook.com\/Paroisse-dAumale-1052241828150031\" \/>\n<meta property=\"article:published_time\" content=\"2020-12-08T13:30:52+00:00\" \/>\n<meta property=\"article:modified_time\" content=\"2020-12-08T13:30:54+00:00\" \/>\n<meta property=\"og:image\" content=\"https:\/\/paroisseaumalebraypicardie.fr\/wp-content\/uploads\/2020\/12\/Capture-decran-2020-12-08-a-14.28.44-1024x575.png\" \/>\n\t<meta property=\"og:image:width\" content=\"1024\" \/>\n\t<meta property=\"og:image:height\" content=\"575\" \/>\n\t<meta property=\"og:image:type\" content=\"image\/png\" \/>\n<meta name=\"author\" content=\"admin8375\" \/>\n<meta name=\"twitter:card\" content=\"summary_large_image\" \/>\n<meta name=\"twitter:creator\" content=\"@ParoisseABP\" \/>\n<meta name=\"twitter:site\" content=\"@ParoisseABP\" \/>\n<meta name=\"twitter:label1\" content=\"\u00c9crit par\" \/>\n\t<meta name=\"twitter:data1\" content=\"admin8375\" \/>\n\t<meta name=\"twitter:label2\" content=\"Dur\u00e9e de lecture estim\u00e9e\" \/>\n\t<meta name=\"twitter:data2\" content=\"4 minutes\" \/>\n<script type=\"application\/ld+json\" class=\"yoast-schema-graph\">{\"@context\":\"https:\/\/schema.org\",\"@graph\":[{\"@type\":\"Article\",\"@id\":\"https:\/\/paroisseaumalebraypicardie.fr\/index.php\/2020\/12\/08\/saint-marc-a-domicile-chapitre-11\/#article\",\"isPartOf\":{\"@id\":\"https:\/\/paroisseaumalebraypicardie.fr\/index.php\/2020\/12\/08\/saint-marc-a-domicile-chapitre-11\/\"},\"author\":{\"name\":\"admin8375\",\"@id\":\"https:\/\/paroisseaumalebraypicardie.fr\/#\/schema\/person\/048a3a754dfd061999a2ebfed0f0c133\"},\"headline\":\"SAINT MARC \u00e0 domicile &#8211; Chapitre 11\",\"datePublished\":\"2020-12-08T13:30:52+00:00\",\"dateModified\":\"2020-12-08T13:30:54+00:00\",\"mainEntityOfPage\":{\"@id\":\"https:\/\/paroisseaumalebraypicardie.fr\/index.php\/2020\/12\/08\/saint-marc-a-domicile-chapitre-11\/\"},\"wordCount\":812,\"commentCount\":0,\"publisher\":{\"@id\":\"https:\/\/paroisseaumalebraypicardie.fr\/#organization\"},\"keywords\":[\"Evangile\",\"saint marc\"],\"articleSection\":[\"ST MARC A DOMICILE\"],\"inLanguage\":\"fr-FR\",\"potentialAction\":[{\"@type\":\"CommentAction\",\"name\":\"Comment\",\"target\":[\"https:\/\/paroisseaumalebraypicardie.fr\/index.php\/2020\/12\/08\/saint-marc-a-domicile-chapitre-11\/#respond\"]}]},{\"@type\":\"WebPage\",\"@id\":\"https:\/\/paroisseaumalebraypicardie.fr\/index.php\/2020\/12\/08\/saint-marc-a-domicile-chapitre-11\/\",\"url\":\"https:\/\/paroisseaumalebraypicardie.fr\/index.php\/2020\/12\/08\/saint-marc-a-domicile-chapitre-11\/\",\"name\":\"SAINT MARC \u00e0 domicile - Chapitre 11 - Paroisse Aumale Bray Picardie.fr\",\"isPartOf\":{\"@id\":\"https:\/\/paroisseaumalebraypicardie.fr\/#website\"},\"datePublished\":\"2020-12-08T13:30:52+00:00\",\"dateModified\":\"2020-12-08T13:30:54+00:00\",\"description\":\"Pendant le confinement, nous sommes invit\u00e9s \u00e0 partager ensemble l'Evangile selon Saint Marc. C'est SAINT MARC \u00e0 domicile ! Chapitre 11\",\"breadcrumb\":{\"@id\":\"https:\/\/paroisseaumalebraypicardie.fr\/index.php\/2020\/12\/08\/saint-marc-a-domicile-chapitre-11\/#breadcrumb\"},\"inLanguage\":\"fr-FR\",\"potentialAction\":[{\"@type\":\"ReadAction\",\"target\":[\"https:\/\/paroisseaumalebraypicardie.fr\/index.php\/2020\/12\/08\/saint-marc-a-domicile-chapitre-11\/\"]}]},{\"@type\":\"BreadcrumbList\",\"@id\":\"https:\/\/paroisseaumalebraypicardie.fr\/index.php\/2020\/12\/08\/saint-marc-a-domicile-chapitre-11\/#breadcrumb\",\"itemListElement\":[{\"@type\":\"ListItem\",\"position\":1,\"name\":\"Accueil\",\"item\":\"https:\/\/paroisseaumalebraypicardie.fr\/\"},{\"@type\":\"ListItem\",\"position\":2,\"name\":\"SAINT MARC \u00e0 domicile &#8211; Chapitre 11\"}]},{\"@type\":\"WebSite\",\"@id\":\"https:\/\/paroisseaumalebraypicardie.fr\/#website\",\"url\":\"https:\/\/paroisseaumalebraypicardie.fr\/\",\"name\":\"Paroisse Aumale Bray Picardie.fr\",\"description\":\"\",\"publisher\":{\"@id\":\"https:\/\/paroisseaumalebraypicardie.fr\/#organization\"},\"potentialAction\":[{\"@type\":\"SearchAction\",\"target\":{\"@type\":\"EntryPoint\",\"urlTemplate\":\"https:\/\/paroisseaumalebraypicardie.fr\/?s={search_term_string}\"},\"query-input\":\"required name=search_term_string\"}],\"inLanguage\":\"fr-FR\"},{\"@type\":\"Organization\",\"@id\":\"https:\/\/paroisseaumalebraypicardie.fr\/#organization\",\"name\":\"Paroisse Aumale Bray Picardie\",\"url\":\"https:\/\/paroisseaumalebraypicardie.fr\/\",\"logo\":{\"@type\":\"ImageObject\",\"inLanguage\":\"fr-FR\",\"@id\":\"https:\/\/paroisseaumalebraypicardie.fr\/#\/schema\/logo\/image\/\",\"url\":\"https:\/\/i1.wp.com\/paroisseaumalebraypicardie.fr\/wp-content\/uploads\/2020\/01\/img_1256_47985338107_o-scaled.jpg?fit=2560%2C1912\",\"contentUrl\":\"https:\/\/i1.wp.com\/paroisseaumalebraypicardie.fr\/wp-content\/uploads\/2020\/01\/img_1256_47985338107_o-scaled.jpg?fit=2560%2C1912\",\"width\":2560,\"height\":1912,\"caption\":\"Paroisse Aumale Bray Picardie\"},\"image\":{\"@id\":\"https:\/\/paroisseaumalebraypicardie.fr\/#\/schema\/logo\/image\/\"},\"sameAs\":[\"https:\/\/www.instagram.com\/paroisseaumalebp\/?hl=fr\",\"https:\/\/www.youtube.com\/channel\/UCdzO2T1JOuFy9b6jaJdSyaQ?view_as=subscriber\",\"https:\/\/www.facebook.com\/Paroisse-dAumale-1052241828150031\",\"https:\/\/twitter.com\/ParoisseABP\"]},{\"@type\":\"Person\",\"@id\":\"https:\/\/paroisseaumalebraypicardie.fr\/#\/schema\/person\/048a3a754dfd061999a2ebfed0f0c133\",\"name\":\"admin8375\",\"image\":{\"@type\":\"ImageObject\",\"inLanguage\":\"fr-FR\",\"@id\":\"https:\/\/paroisseaumalebraypicardie.fr\/#\/schema\/person\/image\/\",\"url\":\"https:\/\/secure.gravatar.com\/avatar\/83a82140e6728d429cb70143cacc8630?s=96&d=mm&r=g\",\"contentUrl\":\"https:\/\/secure.gravatar.com\/avatar\/83a82140e6728d429cb70143cacc8630?s=96&d=mm&r=g\",\"caption\":\"admin8375\"},\"sameAs\":[\"http:\/\/www.paroisseaumalebraypicardie.fr\"],\"url\":\"https:\/\/paroisseaumalebraypicardie.fr\/index.php\/author\/admin8375\/\"}]}<\/script>\n<!-- \/ Yoast SEO plugin. -->","yoast_head_json":{"title":"SAINT MARC \u00e0 domicile - Chapitre 11 - Paroisse Aumale Bray Picardie.fr","description":"Pendant le confinement, nous sommes invit\u00e9s \u00e0 partager ensemble l'Evangile selon Saint Marc. C'est SAINT MARC \u00e0 domicile ! Chapitre 11","robots":{"index":"index","follow":"follow","max-snippet":"max-snippet:-1","max-image-preview":"max-image-preview:large","max-video-preview":"max-video-preview:-1"},"canonical":"https:\/\/paroisseaumalebraypicardie.fr\/index.php\/2020\/12\/08\/saint-marc-a-domicile-chapitre-11\/","og_locale":"fr_FR","og_type":"article","og_title":"SAINT MARC \u00e0 domicile - Chapitre 11 - Paroisse Aumale Bray Picardie.fr","og_description":"Pendant le confinement, nous sommes invit\u00e9s \u00e0 partager ensemble l'Evangile selon Saint Marc. C'est SAINT MARC \u00e0 domicile ! Chapitre 11","og_url":"https:\/\/paroisseaumalebraypicardie.fr\/index.php\/2020\/12\/08\/saint-marc-a-domicile-chapitre-11\/","og_site_name":"Paroisse Aumale Bray Picardie.fr","article_publisher":"https:\/\/www.facebook.com\/Paroisse-dAumale-1052241828150031","article_published_time":"2020-12-08T13:30:52+00:00","article_modified_time":"2020-12-08T13:30:54+00:00","og_image":[{"width":1024,"height":575,"url":"https:\/\/paroisseaumalebraypicardie.fr\/wp-content\/uploads\/2020\/12\/Capture-decran-2020-12-08-a-14.28.44-1024x575.png","type":"image\/png"}],"author":"admin8375","twitter_card":"summary_large_image","twitter_creator":"@ParoisseABP","twitter_site":"@ParoisseABP","twitter_misc":{"\u00c9crit par":"admin8375","Dur\u00e9e de lecture estim\u00e9e":"4 minutes"},"schema":{"@context":"https:\/\/schema.org","@graph":[{"@type":"Article","@id":"https:\/\/paroisseaumalebraypicardie.fr\/index.php\/2020\/12\/08\/saint-marc-a-domicile-chapitre-11\/#article","isPartOf":{"@id":"https:\/\/paroisseaumalebraypicardie.fr\/index.php\/2020\/12\/08\/saint-marc-a-domicile-chapitre-11\/"},"author":{"name":"admin8375","@id":"https:\/\/paroisseaumalebraypicardie.fr\/#\/schema\/person\/048a3a754dfd061999a2ebfed0f0c133"},"headline":"SAINT MARC \u00e0 domicile &#8211; Chapitre 11","datePublished":"2020-12-08T13:30:52+00:00","dateModified":"2020-12-08T13:30:54+00:00","mainEntityOfPage":{"@id":"https:\/\/paroisseaumalebraypicardie.fr\/index.php\/2020\/12\/08\/saint-marc-a-domicile-chapitre-11\/"},"wordCount":812,"commentCount":0,"publisher":{"@id":"https:\/\/paroisseaumalebraypicardie.fr\/#organization"},"keywords":["Evangile","saint marc"],"articleSection":["ST MARC A DOMICILE"],"inLanguage":"fr-FR","potentialAction":[{"@type":"CommentAction","name":"Comment","target":["https:\/\/paroisseaumalebraypicardie.fr\/index.php\/2020\/12\/08\/saint-marc-a-domicile-chapitre-11\/#respond"]}]},{"@type":"WebPage","@id":"https:\/\/paroisseaumalebraypicardie.fr\/index.php\/2020\/12\/08\/saint-marc-a-domicile-chapitre-11\/","url":"https:\/\/paroisseaumalebraypicardie.fr\/index.php\/2020\/12\/08\/saint-marc-a-domicile-chapitre-11\/","name":"SAINT MARC \u00e0 domicile - Chapitre 11 - Paroisse Aumale Bray Picardie.fr","isPartOf":{"@id":"https:\/\/paroisseaumalebraypicardie.fr\/#website"},"datePublished":"2020-12-08T13:30:52+00:00","dateModified":"2020-12-08T13:30:54+00:00","description":"Pendant le confinement, nous sommes invit\u00e9s \u00e0 partager ensemble l'Evangile selon Saint Marc. C'est SAINT MARC \u00e0 domicile ! Chapitre 11","breadcrumb":{"@id":"https:\/\/paroisseaumalebraypicardie.fr\/index.php\/2020\/12\/08\/saint-marc-a-domicile-chapitre-11\/#breadcrumb"},"inLanguage":"fr-FR","potentialAction":[{"@type":"ReadAction","target":["https:\/\/paroisseaumalebraypicardie.fr\/index.php\/2020\/12\/08\/saint-marc-a-domicile-chapitre-11\/"]}]},{"@type":"BreadcrumbList","@id":"https:\/\/paroisseaumalebraypicardie.fr\/index.php\/2020\/12\/08\/saint-marc-a-domicile-chapitre-11\/#breadcrumb","itemListElement":[{"@type":"ListItem","position":1,"name":"Accueil","item":"https:\/\/paroisseaumalebraypicardie.fr\/"},{"@type":"ListItem","position":2,"name":"SAINT MARC \u00e0 domicile &#8211; Chapitre 11"}]},{"@type":"WebSite","@id":"https:\/\/paroisseaumalebraypicardie.fr\/#website","url":"https:\/\/paroisseaumalebraypicardie.fr\/","name":"Paroisse Aumale Bray Picardie.fr","description":"","publisher":{"@id":"https:\/\/paroisseaumalebraypicardie.fr\/#organization"},"potentialAction":[{"@type":"SearchAction","target":{"@type":"EntryPoint","urlTemplate":"https:\/\/paroisseaumalebraypicardie.fr\/?s={search_term_string}"},"query-input":"required name=search_term_string"}],"inLanguage":"fr-FR"},{"@type":"Organization","@id":"https:\/\/paroisseaumalebraypicardie.fr\/#organization","name":"Paroisse Aumale Bray Picardie","url":"https:\/\/paroisseaumalebraypicardie.fr\/","logo":{"@type":"ImageObject","inLanguage":"fr-FR","@id":"https:\/\/paroisseaumalebraypicardie.fr\/#\/schema\/logo\/image\/","url":"https:\/\/i1.wp.com\/paroisseaumalebraypicardie.fr\/wp-content\/uploads\/2020\/01\/img_1256_47985338107_o-scaled.jpg?fit=2560%2C1912","contentUrl":"https:\/\/i1.wp.com\/paroisseaumalebraypicardie.fr\/wp-content\/uploads\/2020\/01\/img_1256_47985338107_o-scaled.jpg?fit=2560%2C1912","width":2560,"height":1912,"caption":"Paroisse Aumale Bray Picardie"},"image":{"@id":"https:\/\/paroisseaumalebraypicardie.fr\/#\/schema\/logo\/image\/"},"sameAs":["https:\/\/www.instagram.com\/paroisseaumalebp\/?hl=fr","https:\/\/www.youtube.com\/channel\/UCdzO2T1JOuFy9b6jaJdSyaQ?view_as=subscriber","https:\/\/www.facebook.com\/Paroisse-dAumale-1052241828150031","https:\/\/twitter.com\/ParoisseABP"]},{"@type":"Person","@id":"https:\/\/paroisseaumalebraypicardie.fr\/#\/schema\/person\/048a3a754dfd061999a2ebfed0f0c133","name":"admin8375","image":{"@type":"ImageObject","inLanguage":"fr-FR","@id":"https:\/\/paroisseaumalebraypicardie.fr\/#\/schema\/person\/image\/","url":"https:\/\/secure.gravatar.com\/avatar\/83a82140e6728d429cb70143cacc8630?s=96&d=mm&r=g","contentUrl":"https:\/\/secure.gravatar.com\/avatar\/83a82140e6728d429cb70143cacc8630?s=96&d=mm&r=g","caption":"admin8375"},"sameAs":["http:\/\/www.paroisseaumalebraypicardie.fr"],"url":"https:\/\/paroisseaumalebraypicardie.fr\/index.php\/author\/admin8375\/"}]}},"jetpack_featured_media_url":"https:\/\/i0.wp.com\/paroisseaumalebraypicardie.fr\/wp-content\/uploads\/2020\/12\/Capture-decran-2020-12-08-a-14.28.44.png?fit=2558%2C1436&ssl=1","jetpack_sharing_enabled":true,"_links":{"self":[{"href":"https:\/\/paroisseaumalebraypicardie.fr\/index.php\/wp-json\/wp\/v2\/posts\/14281"}],"collection":[{"href":"https:\/\/paroisseaumalebraypicardie.fr\/index.php\/wp-json\/wp\/v2\/posts"}],"about":[{"href":"https:\/\/paroisseaumalebraypicardie.fr\/index.php\/wp-json\/wp\/v2\/types\/post"}],"author":[{"embeddable":true,"href":"https:\/\/paroisseaumalebraypicardie.fr\/index.php\/wp-json\/wp\/v2\/users\/1"}],"replies":[{"embeddable":true,"href":"https:\/\/paroisseaumalebraypicardie.fr\/index.php\/wp-json\/wp\/v2\/comments?post=14281"}],"version-history":[{"count":1,"href":"https:\/\/paroisseaumalebraypicardie.fr\/index.php\/wp-json\/wp\/v2\/posts\/14281\/revisions"}],"predecessor-version":[{"id":14284,"href":"https:\/\/paroisseaumalebraypicardie.fr\/index.php\/wp-json\/wp\/v2\/posts\/14281\/revisions\/14284"}],"wp:featuredmedia":[{"embeddable":true,"href":"https:\/\/paroisseaumalebraypicardie.fr\/index.php\/wp-json\/wp\/v2\/media\/14283"}],"wp:attachment":[{"href":"https:\/\/paroisseaumalebraypicardie.fr\/index.php\/wp-json\/wp\/v2\/media?parent=14281"}],"wp:term":[{"taxonomy":"category","embeddable":true,"href":"https:\/\/paroisseaumalebraypicardie.fr\/index.php\/wp-json\/wp\/v2\/categories?post=14281"},{"taxonomy":"post_tag","embeddable":true,"href":"https:\/\/paroisseaumalebraypicardie.fr\/index.php\/wp-json\/wp\/v2\/tags?post=14281"}],"curies":[{"name":"wp","href":"https:\/\/api.w.org\/{rel}","templated":true}]}}