{"id":14824,"date":"2020-12-18T09:24:02","date_gmt":"2020-12-18T08:24:02","guid":{"rendered":"http:\/\/paroisseaumalebraypicardie.fr\/?p=14824"},"modified":"2020-12-18T09:24:03","modified_gmt":"2020-12-18T08:24:03","slug":"saint-marc-a-domicile-chapitre-14","status":"publish","type":"post","link":"https:\/\/paroisseaumalebraypicardie.fr\/index.php\/2020\/12\/18\/saint-marc-a-domicile-chapitre-14\/","title":{"rendered":"SAINT MARC \u00e0 domicile &#8211; Chapitre 14"},"content":{"rendered":"\n<p>Pour cette seconde p\u00e9riode de confinement, nous sommes invit\u00e9s \u00e0 partager entre nous et au sein de notre grande communaut\u00e9 l&rsquo;Evangile selon Saint-Marc.<\/p>\n\n\n\n<p>Aujourd&rsquo;hui d\u00e9couvrez le chapitre 14 :<\/p>\n\n\n\n<figure class=\"wp-block-embed-youtube wp-block-embed is-type-video is-provider-youtube wp-embed-aspect-16-9 wp-has-aspect-ratio\"><div class=\"wp-block-embed__wrapper\">\n<div class='embed-container'><iframe loading=\"lazy\" title=\"SAINT MARC \u00e0 domicile   Chapitre 14\" width=\"1920\" height=\"1080\" src=\"https:\/\/www.youtube.com\/embed\/Z8KBEQtVulM?feature=oembed\" frameborder=\"0\" allow=\"accelerometer; autoplay; clipboard-write; encrypted-media; gyroscope; picture-in-picture\" allowfullscreen><\/iframe><\/div>\n<\/div><figcaption>Evangile selon Saint Marc, Chapitre 14<\/figcaption><\/figure>\n\n\n\n<blockquote class=\"wp-block-quote\"><p><strong>01<\/strong>\u00a0La f\u00eate de la P\u00e2que et des pains sans levain allait avoir lieu deux jours apr\u00e8s. Les grands pr\u00eatres et les scribes cherchaient comment arr\u00eater J\u00e9sus par ruse, pour le faire mourir.<\/p><p><strong>02<\/strong>\u00a0Car ils se disaient\u00a0: \u00ab\u00a0Pas en pleine f\u00eate, pour \u00e9viter des troubles dans le peuple.\u00a0\u00bb<\/p><p><strong>03<\/strong>\u00a0J\u00e9sus se trouvait \u00e0 B\u00e9thanie, dans la maison de Simon le l\u00e9preux. Pendant qu\u2019il \u00e9tait \u00e0 table, une femme entra, avec un flacon d\u2019alb\u00e2tre contenant un parfum tr\u00e8s pur et de grande valeur. Brisant le flacon, elle lui versa le parfum sur la t\u00eate.<\/p><p><strong>04<\/strong>\u00a0Or, de leur c\u00f4t\u00e9, quelques-uns s\u2019indignaient\u00a0: \u00ab\u00a0\u00c0 quoi bon gaspiller ce parfum\u00a0?<\/p><p><strong>05<\/strong>\u00a0On aurait pu, en effet, le vendre pour plus de trois cents pi\u00e8ces d\u2019argent, que l\u2019on aurait donn\u00e9es aux pauvres.\u00a0\u00bb Et ils la rudoyaient.<\/p><p><strong>06<\/strong>\u00a0Mais J\u00e9sus leur dit\u00a0: \u00ab\u00a0Laissez-la\u00a0! Pourquoi la tourmenter\u00a0? Il est beau, le geste qu\u2019elle a fait envers moi.<\/p><p><strong>07<\/strong>\u00a0Des pauvres, vous en aurez toujours avec vous, et, quand vous le voulez, vous pouvez leur faire du bien\u00a0; mais moi, vous ne m\u2019aurez pas toujours.<\/p><p><strong>08<\/strong>\u00a0Ce qu\u2019elle pouvait faire, elle l\u2019a fait. D\u2019avance elle a parfum\u00e9 mon corps pour mon ensevelissement.<\/p><p><strong>09<\/strong>\u00a0Amen, je vous le dis\u00a0: partout o\u00f9 l\u2019\u00c9vangile sera proclam\u00e9 \u2013 dans le monde entier \u2013, on racontera, en souvenir d\u2019elle, ce qu\u2019elle vient de faire.\u00a0\u00bb<\/p><p><strong>10<\/strong>\u00a0Judas Iscariote, l\u2019un des Douze, alla trouver les grands pr\u00eatres pour leur livrer J\u00e9sus.<\/p><p><strong>11<\/strong>\u00a0\u00c0 cette nouvelle, ils se r\u00e9jouirent et promirent de lui donner de l\u2019argent. Et Judas cherchait comment le livrer au moment favorable.<\/p><p><strong>12<\/strong>\u00a0Le premier jour de la f\u00eate des pains sans levain, o\u00f9 l\u2019on immolait l\u2019agneau pascal, les disciples de J\u00e9sus lui disent\u00a0: \u00ab\u00a0O\u00f9 veux-tu que nous allions faire les pr\u00e9paratifs pour que tu manges la P\u00e2que\u00a0?\u00a0\u00bb<\/p><p><strong>13<\/strong>\u00a0Il envoie deux de ses disciples en leur disant\u00a0: \u00ab\u00a0Allez \u00e0 la ville\u00a0; un homme portant une cruche d\u2019eau viendra \u00e0 votre rencontre. Suivez-le,<\/p><p><strong>14<\/strong>\u00a0et l\u00e0 o\u00f9 il entrera, dites au propri\u00e9taire\u00a0: \u201cLe Ma\u00eetre te fait dire\u00a0: O\u00f9 est la salle o\u00f9 je pourrai manger la P\u00e2que avec mes disciples\u00a0?\u201d<\/p><p><strong>15<\/strong>\u00a0Il vous indiquera, \u00e0 l\u2019\u00e9tage, une grande pi\u00e8ce am\u00e9nag\u00e9e et pr\u00eate pour un repas. Faites-y pour nous les pr\u00e9paratifs.\u00a0\u00bb<\/p><p><strong>16<\/strong>\u00a0Les disciples partirent, all\u00e8rent \u00e0 la ville\u00a0; ils trouv\u00e8rent tout comme J\u00e9sus leur avait dit, et ils pr\u00e9par\u00e8rent la P\u00e2que.<\/p><p><strong>17<\/strong>\u00a0Le soir venu, J\u00e9sus arrive avec les Douze.<\/p><p><strong>18<\/strong>\u00a0Pendant qu\u2019ils \u00e9taient \u00e0 table et mangeaient, J\u00e9sus d\u00e9clara\u00a0: \u00ab\u00a0Amen, je vous le dis\u00a0: l\u2019un de vous, qui mange avec moi, va me livrer.\u00a0\u00bb<\/p><p><strong>19<\/strong>\u00a0Ils devinrent tout tristes et, l\u2019un apr\u00e8s l\u2019autre, ils lui demandaient\u00a0: \u00ab\u00a0Serait-ce moi\u00a0?\u00a0\u00bb<\/p><p><strong>20<\/strong>\u00a0Il leur dit\u00a0: \u00ab\u00a0C\u2019est l\u2019un des Douze, celui qui est en train de se servir avec moi dans le plat.<\/p><p><strong>21<\/strong>\u00a0Le Fils de l\u2019homme s\u2019en va, comme il est \u00e9crit \u00e0 son sujet\u00a0; mais malheureux celui par qui le Fils de l\u2019homme est livr\u00e9\u00a0! Il vaudrait mieux pour lui qu\u2019il ne soit pas n\u00e9, cet homme-l\u00e0\u00a0!\u00a0\u00bb<\/p><p><strong>22<\/strong>\u00a0Pendant le repas, J\u00e9sus, ayant pris du pain et prononc\u00e9 la b\u00e9n\u00e9diction, le rompit, le leur donna, et dit\u00a0: \u00ab\u00a0Prenez, ceci est mon corps.\u00a0\u00bb<\/p><p><strong>23<\/strong>\u00a0Puis, ayant pris une coupe et ayant rendu gr\u00e2ce, il la leur donna, et ils en burent tous.<\/p><p><strong>24<\/strong>\u00a0Et il leur dit\u00a0: \u00ab\u00a0Ceci est mon sang, le sang de l\u2019Alliance, vers\u00e9 pour la multitude.<\/p><p><strong>25<\/strong>\u00a0Amen, je vous le dis\u00a0: je ne boirai plus du fruit de la vigne, jusqu\u2019au jour o\u00f9 je le boirai, nouveau, dans le royaume de Dieu.\u00a0\u00bb<\/p><p><strong>26<\/strong>\u00a0Apr\u00e8s avoir chant\u00e9 les psaumes, ils partirent pour le mont des Oliviers.\u00a0<\/p><p><strong>27<\/strong>\u00a0J\u00e9sus leur dit\u00a0: \u00ab\u00a0Vous allez tous \u00eatre expos\u00e9s \u00e0 tomber, car il est \u00e9crit\u00a0: Je frapperai le berger, et les brebis seront dispers\u00e9es.<\/p><p><strong>28<\/strong>\u00a0Mais, une fois ressuscit\u00e9, je vous pr\u00e9c\u00e9derai en Galil\u00e9e.\u00a0\u00bb<\/p><p><strong>29<\/strong>\u00a0Pierre lui dit alors\u00a0: \u00ab\u00a0M\u00eame si tous viennent \u00e0 tomber, moi, je ne tomberai pas.\u00a0\u00bb<\/p><p><strong>30<\/strong>\u00a0J\u00e9sus lui r\u00e9pond\u00a0: \u00ab\u00a0Amen, je te le dis\u00a0: toi, aujourd\u2019hui, cette nuit m\u00eame, avant que le coq chante deux fois, tu m\u2019auras reni\u00e9 trois fois.\u00a0\u00bb<\/p><p><strong>31<\/strong>\u00a0Mais lui reprenait de plus belle\u00a0: \u00ab\u00a0M\u00eame si je dois mourir avec toi, je ne te renierai pas.\u00a0\u00bb Et tous en disaient autant.<\/p><p><strong>32<\/strong>\u00a0Ils parviennent \u00e0 un domaine appel\u00e9 Geths\u00e9mani. J\u00e9sus dit \u00e0 ses disciples\u00a0: \u00ab\u00a0Asseyez-vous ici, pendant que je vais prier.\u00a0\u00bb<\/p><p><strong>33<\/strong>\u00a0Puis il emm\u00e8ne avec lui Pierre, Jacques et Jean, et commence \u00e0 ressentir frayeur et angoisse.<\/p><p><strong>34<\/strong>\u00a0Il leur dit\u00a0: \u00ab\u00a0Mon \u00e2me est triste \u00e0 mourir. Restez ici et veillez.\u00a0\u00bb<\/p><p><strong>35<\/strong>\u00a0Allant un peu plus loin, il tombait \u00e0 terre et priait pour que, s\u2019il \u00e9tait possible, cette heure s\u2019\u00e9loigne de lui.<\/p><p><strong>36<\/strong>\u00a0Il disait\u00a0: \u00ab\u00a0Abba\u2026 P\u00e8re, tout est possible pour toi. \u00c9loigne de moi cette coupe. Cependant, non pas ce que moi, je veux, mais ce que toi, tu veux\u00a0!\u00a0\u00bb<\/p><p><strong>37<\/strong>\u00a0Puis il revient et trouve les disciples endormis. Il dit \u00e0 Pierre\u00a0: \u00ab\u00a0Simon, tu dors\u00a0! Tu n\u2019as pas eu la force de veiller seulement une heure\u00a0?<\/p><p><strong>38<\/strong>\u00a0Veillez et priez, pour ne pas entrer en tentation\u00a0; l\u2019esprit est ardent, mais la chair est faible.\u00a0\u00bb<\/p><p><strong>39<\/strong>\u00a0De nouveau, il s\u2019\u00e9loigna et pria, en r\u00e9p\u00e9tant les m\u00eames paroles.<\/p><p><strong>40<\/strong>\u00a0Et de nouveau, il vint pr\u00e8s des disciples qu\u2019il trouva endormis, car leurs yeux \u00e9taient alourdis de sommeil. Et eux ne savaient que lui r\u00e9pondre.<\/p><p><strong>41<\/strong>\u00a0Une troisi\u00e8me fois, il revient et leur dit\u00a0: \u00ab\u00a0D\u00e9sormais, vous pouvez dormir et vous reposer. C\u2019est fait\u00a0; l\u2019heure est venue\u00a0: voici que le Fils de l\u2019homme est livr\u00e9 aux mains des p\u00e9cheurs.<\/p><p><strong>42<\/strong>\u00a0Levez-vous\u00a0! Allons\u00a0! Voici qu\u2019il est proche, celui qui me livre.\u00a0\u00bb<\/p><p><strong>43<\/strong>\u00a0J\u00e9sus parlait encore quand Judas, l\u2019un des Douze, arriva et avec lui une foule arm\u00e9e d\u2019\u00e9p\u00e9es et de b\u00e2tons, envoy\u00e9e par les grands pr\u00eatres, les scribes et les anciens.<\/p><p><strong>44<\/strong>\u00a0Or, celui qui le livrait leur avait donn\u00e9 un signe convenu\u00a0: \u00ab\u00a0Celui que j\u2019embrasserai, c\u2019est lui\u00a0: arr\u00eatez-le, et emmenez-le sous bonne garde.\u00a0\u00bb<\/p><p><strong>45<\/strong>\u00a0\u00c0 peine arriv\u00e9, Judas, s\u2019approchant de J\u00e9sus, lui dit\u00a0: \u00ab\u00a0Rabbi\u00a0!\u00a0\u00bb Et il l\u2019embrassa.<\/p><p><strong>46<\/strong>\u00a0Les autres mirent la main sur lui et l\u2019arr\u00eat\u00e8rent.<\/p><p><strong>47<\/strong>\u00a0Or un de ceux qui \u00e9taient l\u00e0 tira son \u00e9p\u00e9e, frappa le serviteur du grand pr\u00eatre et lui trancha l\u2019oreille.<\/p><p><strong>48<\/strong>\u00a0Alors J\u00e9sus leur d\u00e9clara\u00a0: \u00ab\u00a0Suis-je donc un bandit, pour que vous soyez venus vous saisir de moi, avec des \u00e9p\u00e9es et des b\u00e2tons\u00a0?<\/p><p><strong>49<\/strong>\u00a0Chaque jour, j\u2019\u00e9tais aupr\u00e8s de vous dans le Temple en train d\u2019enseigner, et vous ne m\u2019avez pas arr\u00eat\u00e9. Mais c\u2019est pour que les \u00c9critures s\u2019accomplissent.\u00a0\u00bb<\/p><p><strong>50<\/strong>\u00a0Les disciples l\u2019abandonn\u00e8rent et s\u2019enfuirent tous.<\/p><p><strong>51<\/strong>\u00a0Or, un jeune homme suivait J\u00e9sus\u00a0; il n\u2019avait pour tout v\u00eatement qu\u2019un drap. On essaya de l\u2019arr\u00eater.<\/p><p><strong>52<\/strong>\u00a0Mais lui, l\u00e2chant le drap, s\u2019enfuit tout nu.<\/p><p><strong>53<\/strong>\u00a0Ils emmen\u00e8rent J\u00e9sus chez le grand pr\u00eatre. Ils se rassembl\u00e8rent tous, les grands pr\u00eatres, les anciens et les scribes.<\/p><p><strong>54<\/strong>\u00a0Pierre avait suivi J\u00e9sus \u00e0 distance, jusqu\u2019\u00e0 l\u2019int\u00e9rieur du palais du grand pr\u00eatre, et l\u00e0, assis avec les gardes, il se chauffait pr\u00e8s du feu.<\/p><p><strong>55<\/strong>\u00a0Les grands pr\u00eatres et tout le Conseil supr\u00eame cherchaient un t\u00e9moignage contre J\u00e9sus pour le faire mettre \u00e0 mort, et ils n\u2019en trouvaient pas.<\/p><p><strong>56<\/strong>\u00a0De fait, beaucoup portaient de faux t\u00e9moignages contre J\u00e9sus, et ces t\u00e9moignages ne concordaient pas.<\/p><p><strong>57<\/strong>\u00a0Quelques-uns se lev\u00e8rent pour porter contre lui ce faux t\u00e9moignage\u00a0:<\/p><p><strong>58<\/strong>\u00a0\u00ab\u00a0Nous l\u2019avons entendu dire\u00a0: \u201cJe d\u00e9truirai ce sanctuaire fait de main d\u2019homme, et en trois jours j\u2019en reb\u00e2tirai un autre qui ne sera pas fait de main d\u2019homme.\u201d\u00a0\u00bb<\/p><p><strong>59<\/strong>\u00a0Et m\u00eame sur ce point, leurs t\u00e9moignages n\u2019\u00e9taient pas concordants.<\/p><p><strong>60<\/strong>\u00a0Alors s\u2019\u00e9tant lev\u00e9, le grand pr\u00eatre, devant tous, interrogea J\u00e9sus\u00a0: \u00ab\u00a0Tu ne r\u00e9ponds rien\u00a0? Que dis-tu des t\u00e9moignages qu\u2019ils portent contre toi\u00a0?\u00a0\u00bb<\/p><p><strong>61<\/strong>\u00a0Mais lui gardait le silence et ne r\u00e9pondait rien. Le grand pr\u00eatre l\u2019interrogea de nouveau\u00a0: \u00ab\u00a0Es-tu le Christ, le Fils du Dieu b\u00e9ni\u00a0?\u00a0\u00bb<\/p><p><strong>62<\/strong>\u00a0J\u00e9sus lui dit\u00a0: \u00ab\u00a0Je le suis. Et vous verrez le Fils de l\u2019homme si\u00e9ger \u00e0 la droite du Tout-Puissant, et venir parmi les nu\u00e9es du ciel.\u00a0\u00bb<\/p><p><strong>63<\/strong>\u00a0Alors, le grand pr\u00eatre d\u00e9chire ses v\u00eatements et dit\u00a0: \u00ab\u00a0Pourquoi nous faut-il encore des t\u00e9moins\u00a0?<\/p><p><strong>64<\/strong>\u00a0Vous avez entendu le blasph\u00e8me. Qu\u2019en pensez-vous\u00a0?\u00a0\u00bb Tous prononc\u00e8rent qu\u2019il m\u00e9ritait la mort.<\/p><p><strong>65<\/strong>\u00a0Quelques-uns se mirent \u00e0 cracher sur lui, couvrirent son visage d\u2019un voile, et le gifl\u00e8rent, en disant\u00a0: \u00ab\u00a0Fais le proph\u00e8te\u00a0!\u00a0\u00bb Et les gardes lui donn\u00e8rent des coups.<\/p><p><strong>66<\/strong>\u00a0Comme Pierre \u00e9tait en bas, dans la cour, arrive une des jeunes servantes du grand pr\u00eatre.<\/p><p><strong>67<\/strong>\u00a0Elle voit Pierre qui se chauffe, le d\u00e9visage et lui dit\u00a0: \u00ab\u00a0Toi aussi, tu \u00e9tais avec J\u00e9sus de Nazareth\u00a0!\u00a0\u00bb<\/p><p><strong>68<\/strong>\u00a0Pierre le nia\u00a0: \u00ab\u00a0Je ne sais pas, je ne comprends pas de quoi tu parles.\u00a0\u00bb Puis il sortit dans le vestibule, au dehors. Alors un coq chanta.<\/p><p><strong>69<\/strong>\u00a0La servante, ayant vu Pierre, se mit de nouveau \u00e0 dire \u00e0 ceux qui se trouvaient l\u00e0\u00a0: \u00ab\u00a0Celui-ci est l\u2019un d\u2019entre eux\u00a0!\u00a0\u00bb<\/p><p><strong>70<\/strong>\u00a0De nouveau, Pierre le niait. Peu apr\u00e8s, ceux qui se trouvaient l\u00e0 lui disaient \u00e0 leur tour\u00a0: \u00ab\u00a0S\u00fbrement tu es l\u2019un d\u2019entre eux\u00a0! D\u2019ailleurs, tu es Galil\u00e9en.\u00a0\u00bb<\/p><p><strong>71<\/strong>\u00a0Alors il se mit \u00e0 protester violemment et \u00e0 jurer\u00a0: \u00ab\u00a0Je ne connais pas cet homme dont vous parlez.\u00a0\u00bb<\/p><p><strong>72<\/strong>\u00a0Et aussit\u00f4t, pour la seconde fois, un coq chanta. Alors Pierre se rappela cette parole que J\u00e9sus lui avait dite\u00a0: \u00ab\u00a0Avant que le coq chante deux fois, tu m\u2019auras reni\u00e9 trois fois.\u00a0\u00bb Et il fondit en larmes.<\/p><cite>Evangile Selon Saint Marc, Chapitre 14<\/cite><\/blockquote>\n","protected":false},"excerpt":{"rendered":"<p>Pour cette seconde p\u00e9riode de confinement, nous sommes invit\u00e9s \u00e0 partager entre nous et au sein de notre grande communaut\u00e9 l&rsquo;Evangile selon Saint-Marc. Aujourd&rsquo;hui d\u00e9couvrez le chapitre 14 : 01\u00a0La f\u00eate de la P\u00e2que et des pains sans levain allait avoir lieu deux jours apr\u00e8s. Les grands pr\u00eatres et les scribes cherchaient comment arr\u00eater J\u00e9sus&hellip; <br \/> <a class=\"read-more\" href=\"https:\/\/paroisseaumalebraypicardie.fr\/index.php\/2020\/12\/18\/saint-marc-a-domicile-chapitre-14\/\">Lire la suite<\/a><\/p>\n","protected":false},"author":1,"featured_media":14826,"comment_status":"open","ping_status":"open","sticky":false,"template":"","format":"standard","meta":{"h5ap_radio_sources":[],"jetpack_post_was_ever_published":false,"_jetpack_newsletter_access":"","_jetpack_dont_email_post_to_subs":false,"_jetpack_newsletter_tier_id":0,"_jetpack_memberships_contains_paywalled_content":false,"footnotes":"","_jetpack_memberships_contains_paid_content":false,"jetpack_publicize_message":"SAINT MARC \u00e0 domicile - Le chapitre 14 est disponible ! \nEcoutez et partagez....\n","jetpack_publicize_feature_enabled":true,"jetpack_social_post_already_shared":true,"jetpack_social_options":{"image_generator_settings":{"template":"highway","enabled":false},"version":2}},"categories":[114],"tags":[115,117,121],"jetpack_publicize_connections":[],"yoast_head":"<!-- This site is optimized with the Yoast SEO plugin v19.13 - https:\/\/yoast.com\/wordpress\/plugins\/seo\/ -->\n<title>SAINT MARC \u00e0 domicile - Chapitre 14 - Paroisse Aumale Bray Picardie.fr<\/title>\n<meta name=\"description\" content=\"Pendant le confinement, nous sommes invit\u00e9s \u00e0 partager ensemble l&#039;Evangile selon Saint Marc. C&#039;est SAINT MARC \u00e0 domicile ! Chapitre 14\" \/>\n<meta name=\"robots\" content=\"index, follow, max-snippet:-1, max-image-preview:large, max-video-preview:-1\" \/>\n<link rel=\"canonical\" href=\"https:\/\/paroisseaumalebraypicardie.fr\/index.php\/2020\/12\/18\/saint-marc-a-domicile-chapitre-14\/\" \/>\n<meta property=\"og:locale\" content=\"fr_FR\" \/>\n<meta property=\"og:type\" content=\"article\" \/>\n<meta property=\"og:title\" content=\"SAINT MARC \u00e0 domicile - Chapitre 14 - Paroisse Aumale Bray Picardie.fr\" \/>\n<meta property=\"og:description\" content=\"Pendant le confinement, nous sommes invit\u00e9s \u00e0 partager ensemble l&#039;Evangile selon Saint Marc. C&#039;est SAINT MARC \u00e0 domicile ! Chapitre 14\" \/>\n<meta property=\"og:url\" content=\"https:\/\/paroisseaumalebraypicardie.fr\/index.php\/2020\/12\/18\/saint-marc-a-domicile-chapitre-14\/\" \/>\n<meta property=\"og:site_name\" content=\"Paroisse Aumale Bray Picardie.fr\" \/>\n<meta property=\"article:publisher\" content=\"https:\/\/www.facebook.com\/Paroisse-dAumale-1052241828150031\" \/>\n<meta property=\"article:published_time\" content=\"2020-12-18T08:24:02+00:00\" \/>\n<meta property=\"article:modified_time\" content=\"2020-12-18T08:24:03+00:00\" \/>\n<meta property=\"og:image\" content=\"https:\/\/paroisseaumalebraypicardie.fr\/wp-content\/uploads\/2020\/12\/Capture-decran-2020-12-18-a-09.11.50-1024x564.png\" \/>\n\t<meta property=\"og:image:width\" content=\"1024\" \/>\n\t<meta property=\"og:image:height\" content=\"564\" \/>\n\t<meta property=\"og:image:type\" content=\"image\/png\" \/>\n<meta name=\"author\" content=\"admin8375\" \/>\n<meta name=\"twitter:card\" content=\"summary_large_image\" \/>\n<meta name=\"twitter:creator\" content=\"@ParoisseABP\" \/>\n<meta name=\"twitter:site\" content=\"@ParoisseABP\" \/>\n<meta name=\"twitter:label1\" content=\"\u00c9crit par\" \/>\n\t<meta name=\"twitter:data1\" content=\"admin8375\" \/>\n\t<meta name=\"twitter:label2\" content=\"Dur\u00e9e de lecture estim\u00e9e\" \/>\n\t<meta name=\"twitter:data2\" content=\"9 minutes\" \/>\n<script type=\"application\/ld+json\" class=\"yoast-schema-graph\">{\"@context\":\"https:\/\/schema.org\",\"@graph\":[{\"@type\":\"Article\",\"@id\":\"https:\/\/paroisseaumalebraypicardie.fr\/index.php\/2020\/12\/18\/saint-marc-a-domicile-chapitre-14\/#article\",\"isPartOf\":{\"@id\":\"https:\/\/paroisseaumalebraypicardie.fr\/index.php\/2020\/12\/18\/saint-marc-a-domicile-chapitre-14\/\"},\"author\":{\"name\":\"admin8375\",\"@id\":\"https:\/\/paroisseaumalebraypicardie.fr\/#\/schema\/person\/048a3a754dfd061999a2ebfed0f0c133\"},\"headline\":\"SAINT MARC \u00e0 domicile &#8211; Chapitre 14\",\"datePublished\":\"2020-12-18T08:24:02+00:00\",\"dateModified\":\"2020-12-18T08:24:03+00:00\",\"mainEntityOfPage\":{\"@id\":\"https:\/\/paroisseaumalebraypicardie.fr\/index.php\/2020\/12\/18\/saint-marc-a-domicile-chapitre-14\/\"},\"wordCount\":1725,\"commentCount\":0,\"publisher\":{\"@id\":\"https:\/\/paroisseaumalebraypicardie.fr\/#organization\"},\"keywords\":[\"Evangile\",\"saint marc\",\"Saint Marc \u00e0 domicile\"],\"articleSection\":[\"ST MARC A DOMICILE\"],\"inLanguage\":\"fr-FR\",\"potentialAction\":[{\"@type\":\"CommentAction\",\"name\":\"Comment\",\"target\":[\"https:\/\/paroisseaumalebraypicardie.fr\/index.php\/2020\/12\/18\/saint-marc-a-domicile-chapitre-14\/#respond\"]}]},{\"@type\":\"WebPage\",\"@id\":\"https:\/\/paroisseaumalebraypicardie.fr\/index.php\/2020\/12\/18\/saint-marc-a-domicile-chapitre-14\/\",\"url\":\"https:\/\/paroisseaumalebraypicardie.fr\/index.php\/2020\/12\/18\/saint-marc-a-domicile-chapitre-14\/\",\"name\":\"SAINT MARC \u00e0 domicile - Chapitre 14 - Paroisse Aumale Bray Picardie.fr\",\"isPartOf\":{\"@id\":\"https:\/\/paroisseaumalebraypicardie.fr\/#website\"},\"datePublished\":\"2020-12-18T08:24:02+00:00\",\"dateModified\":\"2020-12-18T08:24:03+00:00\",\"description\":\"Pendant le confinement, nous sommes invit\u00e9s \u00e0 partager ensemble l'Evangile selon Saint Marc. C'est SAINT MARC \u00e0 domicile ! Chapitre 14\",\"breadcrumb\":{\"@id\":\"https:\/\/paroisseaumalebraypicardie.fr\/index.php\/2020\/12\/18\/saint-marc-a-domicile-chapitre-14\/#breadcrumb\"},\"inLanguage\":\"fr-FR\",\"potentialAction\":[{\"@type\":\"ReadAction\",\"target\":[\"https:\/\/paroisseaumalebraypicardie.fr\/index.php\/2020\/12\/18\/saint-marc-a-domicile-chapitre-14\/\"]}]},{\"@type\":\"BreadcrumbList\",\"@id\":\"https:\/\/paroisseaumalebraypicardie.fr\/index.php\/2020\/12\/18\/saint-marc-a-domicile-chapitre-14\/#breadcrumb\",\"itemListElement\":[{\"@type\":\"ListItem\",\"position\":1,\"name\":\"Accueil\",\"item\":\"https:\/\/paroisseaumalebraypicardie.fr\/\"},{\"@type\":\"ListItem\",\"position\":2,\"name\":\"SAINT MARC \u00e0 domicile &#8211; Chapitre 14\"}]},{\"@type\":\"WebSite\",\"@id\":\"https:\/\/paroisseaumalebraypicardie.fr\/#website\",\"url\":\"https:\/\/paroisseaumalebraypicardie.fr\/\",\"name\":\"Paroisse Aumale Bray Picardie.fr\",\"description\":\"\",\"publisher\":{\"@id\":\"https:\/\/paroisseaumalebraypicardie.fr\/#organization\"},\"potentialAction\":[{\"@type\":\"SearchAction\",\"target\":{\"@type\":\"EntryPoint\",\"urlTemplate\":\"https:\/\/paroisseaumalebraypicardie.fr\/?s={search_term_string}\"},\"query-input\":\"required name=search_term_string\"}],\"inLanguage\":\"fr-FR\"},{\"@type\":\"Organization\",\"@id\":\"https:\/\/paroisseaumalebraypicardie.fr\/#organization\",\"name\":\"Paroisse Aumale Bray Picardie\",\"url\":\"https:\/\/paroisseaumalebraypicardie.fr\/\",\"logo\":{\"@type\":\"ImageObject\",\"inLanguage\":\"fr-FR\",\"@id\":\"https:\/\/paroisseaumalebraypicardie.fr\/#\/schema\/logo\/image\/\",\"url\":\"https:\/\/i1.wp.com\/paroisseaumalebraypicardie.fr\/wp-content\/uploads\/2020\/01\/img_1256_47985338107_o-scaled.jpg?fit=2560%2C1912\",\"contentUrl\":\"https:\/\/i1.wp.com\/paroisseaumalebraypicardie.fr\/wp-content\/uploads\/2020\/01\/img_1256_47985338107_o-scaled.jpg?fit=2560%2C1912\",\"width\":2560,\"height\":1912,\"caption\":\"Paroisse Aumale Bray Picardie\"},\"image\":{\"@id\":\"https:\/\/paroisseaumalebraypicardie.fr\/#\/schema\/logo\/image\/\"},\"sameAs\":[\"https:\/\/www.instagram.com\/paroisseaumalebp\/?hl=fr\",\"https:\/\/www.youtube.com\/channel\/UCdzO2T1JOuFy9b6jaJdSyaQ?view_as=subscriber\",\"https:\/\/www.facebook.com\/Paroisse-dAumale-1052241828150031\",\"https:\/\/twitter.com\/ParoisseABP\"]},{\"@type\":\"Person\",\"@id\":\"https:\/\/paroisseaumalebraypicardie.fr\/#\/schema\/person\/048a3a754dfd061999a2ebfed0f0c133\",\"name\":\"admin8375\",\"image\":{\"@type\":\"ImageObject\",\"inLanguage\":\"fr-FR\",\"@id\":\"https:\/\/paroisseaumalebraypicardie.fr\/#\/schema\/person\/image\/\",\"url\":\"https:\/\/secure.gravatar.com\/avatar\/83a82140e6728d429cb70143cacc8630?s=96&d=mm&r=g\",\"contentUrl\":\"https:\/\/secure.gravatar.com\/avatar\/83a82140e6728d429cb70143cacc8630?s=96&d=mm&r=g\",\"caption\":\"admin8375\"},\"sameAs\":[\"http:\/\/www.paroisseaumalebraypicardie.fr\"],\"url\":\"https:\/\/paroisseaumalebraypicardie.fr\/index.php\/author\/admin8375\/\"}]}<\/script>\n<!-- \/ Yoast SEO plugin. -->","yoast_head_json":{"title":"SAINT MARC \u00e0 domicile - Chapitre 14 - Paroisse Aumale Bray Picardie.fr","description":"Pendant le confinement, nous sommes invit\u00e9s \u00e0 partager ensemble l'Evangile selon Saint Marc. C'est SAINT MARC \u00e0 domicile ! Chapitre 14","robots":{"index":"index","follow":"follow","max-snippet":"max-snippet:-1","max-image-preview":"max-image-preview:large","max-video-preview":"max-video-preview:-1"},"canonical":"https:\/\/paroisseaumalebraypicardie.fr\/index.php\/2020\/12\/18\/saint-marc-a-domicile-chapitre-14\/","og_locale":"fr_FR","og_type":"article","og_title":"SAINT MARC \u00e0 domicile - Chapitre 14 - Paroisse Aumale Bray Picardie.fr","og_description":"Pendant le confinement, nous sommes invit\u00e9s \u00e0 partager ensemble l'Evangile selon Saint Marc. C'est SAINT MARC \u00e0 domicile ! Chapitre 14","og_url":"https:\/\/paroisseaumalebraypicardie.fr\/index.php\/2020\/12\/18\/saint-marc-a-domicile-chapitre-14\/","og_site_name":"Paroisse Aumale Bray Picardie.fr","article_publisher":"https:\/\/www.facebook.com\/Paroisse-dAumale-1052241828150031","article_published_time":"2020-12-18T08:24:02+00:00","article_modified_time":"2020-12-18T08:24:03+00:00","og_image":[{"width":1024,"height":564,"url":"https:\/\/paroisseaumalebraypicardie.fr\/wp-content\/uploads\/2020\/12\/Capture-decran-2020-12-18-a-09.11.50-1024x564.png","type":"image\/png"}],"author":"admin8375","twitter_card":"summary_large_image","twitter_creator":"@ParoisseABP","twitter_site":"@ParoisseABP","twitter_misc":{"\u00c9crit par":"admin8375","Dur\u00e9e de lecture estim\u00e9e":"9 minutes"},"schema":{"@context":"https:\/\/schema.org","@graph":[{"@type":"Article","@id":"https:\/\/paroisseaumalebraypicardie.fr\/index.php\/2020\/12\/18\/saint-marc-a-domicile-chapitre-14\/#article","isPartOf":{"@id":"https:\/\/paroisseaumalebraypicardie.fr\/index.php\/2020\/12\/18\/saint-marc-a-domicile-chapitre-14\/"},"author":{"name":"admin8375","@id":"https:\/\/paroisseaumalebraypicardie.fr\/#\/schema\/person\/048a3a754dfd061999a2ebfed0f0c133"},"headline":"SAINT MARC \u00e0 domicile &#8211; Chapitre 14","datePublished":"2020-12-18T08:24:02+00:00","dateModified":"2020-12-18T08:24:03+00:00","mainEntityOfPage":{"@id":"https:\/\/paroisseaumalebraypicardie.fr\/index.php\/2020\/12\/18\/saint-marc-a-domicile-chapitre-14\/"},"wordCount":1725,"commentCount":0,"publisher":{"@id":"https:\/\/paroisseaumalebraypicardie.fr\/#organization"},"keywords":["Evangile","saint marc","Saint Marc \u00e0 domicile"],"articleSection":["ST MARC A DOMICILE"],"inLanguage":"fr-FR","potentialAction":[{"@type":"CommentAction","name":"Comment","target":["https:\/\/paroisseaumalebraypicardie.fr\/index.php\/2020\/12\/18\/saint-marc-a-domicile-chapitre-14\/#respond"]}]},{"@type":"WebPage","@id":"https:\/\/paroisseaumalebraypicardie.fr\/index.php\/2020\/12\/18\/saint-marc-a-domicile-chapitre-14\/","url":"https:\/\/paroisseaumalebraypicardie.fr\/index.php\/2020\/12\/18\/saint-marc-a-domicile-chapitre-14\/","name":"SAINT MARC \u00e0 domicile - Chapitre 14 - Paroisse Aumale Bray Picardie.fr","isPartOf":{"@id":"https:\/\/paroisseaumalebraypicardie.fr\/#website"},"datePublished":"2020-12-18T08:24:02+00:00","dateModified":"2020-12-18T08:24:03+00:00","description":"Pendant le confinement, nous sommes invit\u00e9s \u00e0 partager ensemble l'Evangile selon Saint Marc. C'est SAINT MARC \u00e0 domicile ! Chapitre 14","breadcrumb":{"@id":"https:\/\/paroisseaumalebraypicardie.fr\/index.php\/2020\/12\/18\/saint-marc-a-domicile-chapitre-14\/#breadcrumb"},"inLanguage":"fr-FR","potentialAction":[{"@type":"ReadAction","target":["https:\/\/paroisseaumalebraypicardie.fr\/index.php\/2020\/12\/18\/saint-marc-a-domicile-chapitre-14\/"]}]},{"@type":"BreadcrumbList","@id":"https:\/\/paroisseaumalebraypicardie.fr\/index.php\/2020\/12\/18\/saint-marc-a-domicile-chapitre-14\/#breadcrumb","itemListElement":[{"@type":"ListItem","position":1,"name":"Accueil","item":"https:\/\/paroisseaumalebraypicardie.fr\/"},{"@type":"ListItem","position":2,"name":"SAINT MARC \u00e0 domicile &#8211; Chapitre 14"}]},{"@type":"WebSite","@id":"https:\/\/paroisseaumalebraypicardie.fr\/#website","url":"https:\/\/paroisseaumalebraypicardie.fr\/","name":"Paroisse Aumale Bray Picardie.fr","description":"","publisher":{"@id":"https:\/\/paroisseaumalebraypicardie.fr\/#organization"},"potentialAction":[{"@type":"SearchAction","target":{"@type":"EntryPoint","urlTemplate":"https:\/\/paroisseaumalebraypicardie.fr\/?s={search_term_string}"},"query-input":"required name=search_term_string"}],"inLanguage":"fr-FR"},{"@type":"Organization","@id":"https:\/\/paroisseaumalebraypicardie.fr\/#organization","name":"Paroisse Aumale Bray Picardie","url":"https:\/\/paroisseaumalebraypicardie.fr\/","logo":{"@type":"ImageObject","inLanguage":"fr-FR","@id":"https:\/\/paroisseaumalebraypicardie.fr\/#\/schema\/logo\/image\/","url":"https:\/\/i1.wp.com\/paroisseaumalebraypicardie.fr\/wp-content\/uploads\/2020\/01\/img_1256_47985338107_o-scaled.jpg?fit=2560%2C1912","contentUrl":"https:\/\/i1.wp.com\/paroisseaumalebraypicardie.fr\/wp-content\/uploads\/2020\/01\/img_1256_47985338107_o-scaled.jpg?fit=2560%2C1912","width":2560,"height":1912,"caption":"Paroisse Aumale Bray Picardie"},"image":{"@id":"https:\/\/paroisseaumalebraypicardie.fr\/#\/schema\/logo\/image\/"},"sameAs":["https:\/\/www.instagram.com\/paroisseaumalebp\/?hl=fr","https:\/\/www.youtube.com\/channel\/UCdzO2T1JOuFy9b6jaJdSyaQ?view_as=subscriber","https:\/\/www.facebook.com\/Paroisse-dAumale-1052241828150031","https:\/\/twitter.com\/ParoisseABP"]},{"@type":"Person","@id":"https:\/\/paroisseaumalebraypicardie.fr\/#\/schema\/person\/048a3a754dfd061999a2ebfed0f0c133","name":"admin8375","image":{"@type":"ImageObject","inLanguage":"fr-FR","@id":"https:\/\/paroisseaumalebraypicardie.fr\/#\/schema\/person\/image\/","url":"https:\/\/secure.gravatar.com\/avatar\/83a82140e6728d429cb70143cacc8630?s=96&d=mm&r=g","contentUrl":"https:\/\/secure.gravatar.com\/avatar\/83a82140e6728d429cb70143cacc8630?s=96&d=mm&r=g","caption":"admin8375"},"sameAs":["http:\/\/www.paroisseaumalebraypicardie.fr"],"url":"https:\/\/paroisseaumalebraypicardie.fr\/index.php\/author\/admin8375\/"}]}},"jetpack_featured_media_url":"https:\/\/i0.wp.com\/paroisseaumalebraypicardie.fr\/wp-content\/uploads\/2020\/12\/Capture-decran-2020-12-18-a-09.11.50.png?fit=2848%2C1570&ssl=1","jetpack_sharing_enabled":true,"_links":{"self":[{"href":"https:\/\/paroisseaumalebraypicardie.fr\/index.php\/wp-json\/wp\/v2\/posts\/14824"}],"collection":[{"href":"https:\/\/paroisseaumalebraypicardie.fr\/index.php\/wp-json\/wp\/v2\/posts"}],"about":[{"href":"https:\/\/paroisseaumalebraypicardie.fr\/index.php\/wp-json\/wp\/v2\/types\/post"}],"author":[{"embeddable":true,"href":"https:\/\/paroisseaumalebraypicardie.fr\/index.php\/wp-json\/wp\/v2\/users\/1"}],"replies":[{"embeddable":true,"href":"https:\/\/paroisseaumalebraypicardie.fr\/index.php\/wp-json\/wp\/v2\/comments?post=14824"}],"version-history":[{"count":1,"href":"https:\/\/paroisseaumalebraypicardie.fr\/index.php\/wp-json\/wp\/v2\/posts\/14824\/revisions"}],"predecessor-version":[{"id":14827,"href":"https:\/\/paroisseaumalebraypicardie.fr\/index.php\/wp-json\/wp\/v2\/posts\/14824\/revisions\/14827"}],"wp:featuredmedia":[{"embeddable":true,"href":"https:\/\/paroisseaumalebraypicardie.fr\/index.php\/wp-json\/wp\/v2\/media\/14826"}],"wp:attachment":[{"href":"https:\/\/paroisseaumalebraypicardie.fr\/index.php\/wp-json\/wp\/v2\/media?parent=14824"}],"wp:term":[{"taxonomy":"category","embeddable":true,"href":"https:\/\/paroisseaumalebraypicardie.fr\/index.php\/wp-json\/wp\/v2\/categories?post=14824"},{"taxonomy":"post_tag","embeddable":true,"href":"https:\/\/paroisseaumalebraypicardie.fr\/index.php\/wp-json\/wp\/v2\/tags?post=14824"}],"curies":[{"name":"wp","href":"https:\/\/api.w.org\/{rel}","templated":true}]}}