{"id":15181,"date":"2020-12-25T11:46:54","date_gmt":"2020-12-25T10:46:54","guid":{"rendered":"http:\/\/paroisseaumalebraypicardie.fr\/?p=15181"},"modified":"2020-12-25T11:46:56","modified_gmt":"2020-12-25T10:46:56","slug":"saint-marc-a-domicile-chapitre-16","status":"publish","type":"post","link":"https:\/\/paroisseaumalebraypicardie.fr\/index.php\/2020\/12\/25\/saint-marc-a-domicile-chapitre-16\/","title":{"rendered":"SAINT MARC \u00e0 domicile &#8211; Chapitre 16"},"content":{"rendered":"\n<p>Voici le dernier temps de nos lectures avec Saint Marc.<\/p>\n\n\n\n<p>Aujourd&rsquo;hui nous vous invitons \u00e0 \u00e9couter et partager le seizi\u00e8me et ultime chapitre de notre s\u00e9rie.<\/p>\n\n\n\n<figure class=\"wp-block-embed-youtube wp-block-embed is-type-video is-provider-youtube wp-embed-aspect-16-9 wp-has-aspect-ratio\"><div class=\"wp-block-embed__wrapper\">\n<div class='embed-container'><iframe loading=\"lazy\" title=\"SAINT MARC \u00e0 domicile   Chapitre 16\" width=\"1920\" height=\"1080\" src=\"https:\/\/www.youtube.com\/embed\/qPF9LGecSsQ?feature=oembed\" frameborder=\"0\" allow=\"accelerometer; autoplay; clipboard-write; encrypted-media; gyroscope; picture-in-picture\" allowfullscreen><\/iframe><\/div>\n<\/div><\/figure>\n\n\n\n<blockquote class=\"wp-block-quote\"><p><strong>01<\/strong>\u00a0Le sabbat termin\u00e9, Marie Madeleine, Marie, m\u00e8re de Jacques, et Salom\u00e9 achet\u00e8rent des parfums pour aller embaumer le corps de J\u00e9sus.<\/p><p><strong>02<\/strong>\u00a0De grand matin, le premier jour de la semaine, elles se rendent au tombeau d\u00e8s le lever du soleil.<\/p><p><strong>03<\/strong>\u00a0Elles se disaient entre elles\u00a0: \u00ab\u00a0Qui nous roulera la pierre pour d\u00e9gager l\u2019entr\u00e9e du tombeau\u00a0?\u00a0\u00bb<\/p><p><strong>04<\/strong>\u00a0Levant les yeux, elles s\u2019aper\u00e7oivent qu\u2019on a roul\u00e9 la pierre, qui \u00e9tait pourtant tr\u00e8s grande.<\/p><p><strong>05<\/strong>\u00a0En entrant dans le tombeau, elles virent, assis \u00e0 droite, un jeune homme v\u00eatu de blanc. Elles furent saisies de frayeur.<\/p><p><strong>06<\/strong>\u00a0Mais il leur dit\u00a0: \u00ab\u00a0Ne soyez pas effray\u00e9es\u00a0! Vous cherchez J\u00e9sus de Nazareth, le Crucifi\u00e9\u00a0? Il est ressuscit\u00e9\u00a0: il n\u2019est pas ici. Voici l\u2019endroit o\u00f9 on l\u2019avait d\u00e9pos\u00e9.<\/p><p><strong>07<\/strong>\u00a0Et maintenant, allez dire \u00e0 ses disciples et \u00e0 Pierre\u00a0: \u201cIl vous pr\u00e9c\u00e8de en Galil\u00e9e. L\u00e0 vous le verrez, comme il vous l\u2019a dit.\u201d\u00a0\u00bb<\/p><p><strong>08<\/strong>\u00a0Elles sortirent et s\u2019enfuirent du tombeau, parce qu\u2019elles \u00e9taient toutes tremblantes et hors d\u2019elles-m\u00eames. Elles ne dirent rien \u00e0 personne, car elles avaient peur.<\/p><p><strong>09<\/strong>\u00a0Ressuscit\u00e9 le matin, le premier jour de la semaine, J\u00e9sus apparut d\u2019abord \u00e0 Marie Madeleine, de laquelle il avait expuls\u00e9 sept d\u00e9mons.<\/p><p><strong>10<\/strong>\u00a0Celle-ci partit annoncer la nouvelle \u00e0 ceux qui, ayant v\u00e9cu avec lui, s\u2019affligeaient et pleuraient.<\/p><p><strong>11<\/strong>\u00a0Quand ils entendirent que J\u00e9sus \u00e9tait vivant et qu\u2019elle l\u2019avait vu, ils refus\u00e8rent de croire.<\/p><p><strong>12<\/strong>\u00a0Apr\u00e8s cela, il se manifesta sous un autre aspect \u00e0 deux d\u2019entre eux qui \u00e9taient en chemin pour aller \u00e0 la campagne.<\/p><p><strong>13<\/strong>\u00a0Ceux-ci revinrent l\u2019annoncer aux autres, qui ne les crurent pas non plus.<\/p><p><strong>14<\/strong>\u00a0Enfin, il se manifesta aux Onze eux-m\u00eames pendant qu\u2019ils \u00e9taient \u00e0 table\u00a0: il leur reprocha leur manque de foi et la duret\u00e9 de leurs c\u0153urs parce qu\u2019ils n\u2019avaient pas cru ceux qui l\u2019avaient contempl\u00e9 ressuscit\u00e9.<\/p><p><strong>15<\/strong>\u00a0Puis il leur dit\u00a0: \u00ab\u00a0Allez dans le monde entier. Proclamez l\u2019\u00c9vangile \u00e0 toute la cr\u00e9ation.<\/p><p><strong>16<\/strong>\u00a0Celui qui croira et sera baptis\u00e9 sera sauv\u00e9\u00a0; celui qui refusera de croire sera condamn\u00e9.<\/p><p><strong>17<\/strong>\u00a0Voici les signes qui accompagneront ceux qui deviendront croyants\u00a0: en mon nom, ils expulseront les d\u00e9mons\u00a0; ils parleront en langues nouvelles\u00a0;<\/p><p><strong>18<\/strong>\u00a0ils prendront des serpents dans leurs mains et, s\u2019ils boivent un poison mortel, il ne leur fera pas de mal\u00a0; ils imposeront les mains aux malades, et les malades s\u2019en trouveront bien.\u00a0\u00bb<\/p><p><strong>19<\/strong>\u00a0Le Seigneur J\u00e9sus, apr\u00e8s leur avoir parl\u00e9, fut enlev\u00e9 au ciel et s\u2019assit \u00e0 la droite de Dieu.<\/p><p><strong>20<\/strong>\u00a0Quant \u00e0 eux, ils s\u2019en all\u00e8rent proclamer partout l\u2019\u00c9vangile. Le Seigneur travaillait avec eux et confirmait la Parole par les signes qui l\u2019accompagnaient.<\/p><cite>Evangile selon Saint Marc &#8211; Chapitre 16<\/cite><\/blockquote>\n","protected":false},"excerpt":{"rendered":"<p>Voici le dernier temps de nos lectures avec Saint Marc. Aujourd&rsquo;hui nous vous invitons \u00e0 \u00e9couter et partager le seizi\u00e8me et ultime chapitre de notre s\u00e9rie. 01\u00a0Le sabbat termin\u00e9, Marie Madeleine, Marie, m\u00e8re de Jacques, et Salom\u00e9 achet\u00e8rent des parfums pour aller embaumer le corps de J\u00e9sus. 02\u00a0De grand matin, le premier jour de la&hellip; <br \/> <a class=\"read-more\" href=\"https:\/\/paroisseaumalebraypicardie.fr\/index.php\/2020\/12\/25\/saint-marc-a-domicile-chapitre-16\/\">Lire la suite<\/a><\/p>\n","protected":false},"author":1,"featured_media":15184,"comment_status":"open","ping_status":"open","sticky":false,"template":"","format":"standard","meta":{"h5ap_radio_sources":[],"jetpack_post_was_ever_published":false,"_jetpack_newsletter_access":"","_jetpack_dont_email_post_to_subs":false,"_jetpack_newsletter_tier_id":0,"_jetpack_memberships_contains_paywalled_content":false,"footnotes":"","_jetpack_memberships_contains_paid_content":false,"jetpack_publicize_message":"SAINT MARC \u00e0 domicile - Voici le dernier chapitre de nos lectures : le Chapitre 16.\nBon No\u00ebl \u00e0 toutes et tous \ud83c\udf84 ","jetpack_publicize_feature_enabled":true,"jetpack_social_post_already_shared":true,"jetpack_social_options":{"image_generator_settings":{"template":"highway","enabled":false},"version":2}},"categories":[114],"tags":[],"jetpack_publicize_connections":[],"yoast_head":"<!-- This site is optimized with the Yoast SEO plugin v19.13 - https:\/\/yoast.com\/wordpress\/plugins\/seo\/ -->\n<title>SAINT MARC \u00e0 domicile - Chapitre 16 - Paroisse Aumale Bray Picardie.fr<\/title>\n<meta name=\"description\" content=\"Pendant le confinement, nous sommes invit\u00e9s \u00e0 partager ensemble l&#039;Evangile selon Saint Marc. C&#039;est SAINT MARC \u00e0 domicile ! Chapitre 15\" \/>\n<meta name=\"robots\" content=\"index, follow, max-snippet:-1, max-image-preview:large, max-video-preview:-1\" \/>\n<link rel=\"canonical\" href=\"https:\/\/paroisseaumalebraypicardie.fr\/index.php\/2020\/12\/25\/saint-marc-a-domicile-chapitre-16\/\" \/>\n<meta property=\"og:locale\" content=\"fr_FR\" \/>\n<meta property=\"og:type\" content=\"article\" \/>\n<meta property=\"og:title\" content=\"SAINT MARC \u00e0 domicile - Chapitre 16 - Paroisse Aumale Bray Picardie.fr\" \/>\n<meta property=\"og:description\" content=\"Pendant le confinement, nous sommes invit\u00e9s \u00e0 partager ensemble l&#039;Evangile selon Saint Marc. C&#039;est SAINT MARC \u00e0 domicile ! Chapitre 15\" \/>\n<meta property=\"og:url\" content=\"https:\/\/paroisseaumalebraypicardie.fr\/index.php\/2020\/12\/25\/saint-marc-a-domicile-chapitre-16\/\" \/>\n<meta property=\"og:site_name\" content=\"Paroisse Aumale Bray Picardie.fr\" \/>\n<meta property=\"article:publisher\" content=\"https:\/\/www.facebook.com\/Paroisse-dAumale-1052241828150031\" \/>\n<meta property=\"article:published_time\" content=\"2020-12-25T10:46:54+00:00\" \/>\n<meta property=\"article:modified_time\" content=\"2020-12-25T10:46:56+00:00\" \/>\n<meta property=\"og:image\" content=\"https:\/\/i0.wp.com\/paroisseaumalebraypicardie.fr\/wp-content\/uploads\/2020\/12\/Capture-decran-2020-12-25-a-11.39.27.png?fit=2064%2C1148&ssl=1\" \/>\n\t<meta property=\"og:image:width\" content=\"2064\" \/>\n\t<meta property=\"og:image:height\" content=\"1148\" \/>\n\t<meta property=\"og:image:type\" content=\"image\/png\" \/>\n<meta name=\"author\" content=\"admin8375\" \/>\n<meta name=\"twitter:card\" content=\"summary_large_image\" \/>\n<meta name=\"twitter:creator\" content=\"@ParoisseABP\" \/>\n<meta name=\"twitter:site\" content=\"@ParoisseABP\" \/>\n<meta name=\"twitter:label1\" content=\"\u00c9crit par\" \/>\n\t<meta name=\"twitter:data1\" content=\"admin8375\" \/>\n\t<meta name=\"twitter:label2\" content=\"Dur\u00e9e de lecture estim\u00e9e\" \/>\n\t<meta name=\"twitter:data2\" content=\"2 minutes\" \/>\n<script type=\"application\/ld+json\" class=\"yoast-schema-graph\">{\"@context\":\"https:\/\/schema.org\",\"@graph\":[{\"@type\":\"Article\",\"@id\":\"https:\/\/paroisseaumalebraypicardie.fr\/index.php\/2020\/12\/25\/saint-marc-a-domicile-chapitre-16\/#article\",\"isPartOf\":{\"@id\":\"https:\/\/paroisseaumalebraypicardie.fr\/index.php\/2020\/12\/25\/saint-marc-a-domicile-chapitre-16\/\"},\"author\":{\"name\":\"admin8375\",\"@id\":\"https:\/\/paroisseaumalebraypicardie.fr\/#\/schema\/person\/048a3a754dfd061999a2ebfed0f0c133\"},\"headline\":\"SAINT MARC \u00e0 domicile &#8211; Chapitre 16\",\"datePublished\":\"2020-12-25T10:46:54+00:00\",\"dateModified\":\"2020-12-25T10:46:56+00:00\",\"mainEntityOfPage\":{\"@id\":\"https:\/\/paroisseaumalebraypicardie.fr\/index.php\/2020\/12\/25\/saint-marc-a-domicile-chapitre-16\/\"},\"wordCount\":500,\"commentCount\":0,\"publisher\":{\"@id\":\"https:\/\/paroisseaumalebraypicardie.fr\/#organization\"},\"articleSection\":[\"ST MARC A DOMICILE\"],\"inLanguage\":\"fr-FR\",\"potentialAction\":[{\"@type\":\"CommentAction\",\"name\":\"Comment\",\"target\":[\"https:\/\/paroisseaumalebraypicardie.fr\/index.php\/2020\/12\/25\/saint-marc-a-domicile-chapitre-16\/#respond\"]}]},{\"@type\":\"WebPage\",\"@id\":\"https:\/\/paroisseaumalebraypicardie.fr\/index.php\/2020\/12\/25\/saint-marc-a-domicile-chapitre-16\/\",\"url\":\"https:\/\/paroisseaumalebraypicardie.fr\/index.php\/2020\/12\/25\/saint-marc-a-domicile-chapitre-16\/\",\"name\":\"SAINT MARC \u00e0 domicile - Chapitre 16 - Paroisse Aumale Bray Picardie.fr\",\"isPartOf\":{\"@id\":\"https:\/\/paroisseaumalebraypicardie.fr\/#website\"},\"datePublished\":\"2020-12-25T10:46:54+00:00\",\"dateModified\":\"2020-12-25T10:46:56+00:00\",\"description\":\"Pendant le confinement, nous sommes invit\u00e9s \u00e0 partager ensemble l'Evangile selon Saint Marc. C'est SAINT MARC \u00e0 domicile ! Chapitre 15\",\"breadcrumb\":{\"@id\":\"https:\/\/paroisseaumalebraypicardie.fr\/index.php\/2020\/12\/25\/saint-marc-a-domicile-chapitre-16\/#breadcrumb\"},\"inLanguage\":\"fr-FR\",\"potentialAction\":[{\"@type\":\"ReadAction\",\"target\":[\"https:\/\/paroisseaumalebraypicardie.fr\/index.php\/2020\/12\/25\/saint-marc-a-domicile-chapitre-16\/\"]}]},{\"@type\":\"BreadcrumbList\",\"@id\":\"https:\/\/paroisseaumalebraypicardie.fr\/index.php\/2020\/12\/25\/saint-marc-a-domicile-chapitre-16\/#breadcrumb\",\"itemListElement\":[{\"@type\":\"ListItem\",\"position\":1,\"name\":\"Accueil\",\"item\":\"https:\/\/paroisseaumalebraypicardie.fr\/\"},{\"@type\":\"ListItem\",\"position\":2,\"name\":\"SAINT MARC \u00e0 domicile &#8211; Chapitre 16\"}]},{\"@type\":\"WebSite\",\"@id\":\"https:\/\/paroisseaumalebraypicardie.fr\/#website\",\"url\":\"https:\/\/paroisseaumalebraypicardie.fr\/\",\"name\":\"Paroisse Aumale Bray Picardie.fr\",\"description\":\"\",\"publisher\":{\"@id\":\"https:\/\/paroisseaumalebraypicardie.fr\/#organization\"},\"potentialAction\":[{\"@type\":\"SearchAction\",\"target\":{\"@type\":\"EntryPoint\",\"urlTemplate\":\"https:\/\/paroisseaumalebraypicardie.fr\/?s={search_term_string}\"},\"query-input\":\"required name=search_term_string\"}],\"inLanguage\":\"fr-FR\"},{\"@type\":\"Organization\",\"@id\":\"https:\/\/paroisseaumalebraypicardie.fr\/#organization\",\"name\":\"Paroisse Aumale Bray Picardie\",\"url\":\"https:\/\/paroisseaumalebraypicardie.fr\/\",\"logo\":{\"@type\":\"ImageObject\",\"inLanguage\":\"fr-FR\",\"@id\":\"https:\/\/paroisseaumalebraypicardie.fr\/#\/schema\/logo\/image\/\",\"url\":\"https:\/\/i1.wp.com\/paroisseaumalebraypicardie.fr\/wp-content\/uploads\/2020\/01\/img_1256_47985338107_o-scaled.jpg?fit=2560%2C1912\",\"contentUrl\":\"https:\/\/i1.wp.com\/paroisseaumalebraypicardie.fr\/wp-content\/uploads\/2020\/01\/img_1256_47985338107_o-scaled.jpg?fit=2560%2C1912\",\"width\":2560,\"height\":1912,\"caption\":\"Paroisse Aumale Bray Picardie\"},\"image\":{\"@id\":\"https:\/\/paroisseaumalebraypicardie.fr\/#\/schema\/logo\/image\/\"},\"sameAs\":[\"https:\/\/www.instagram.com\/paroisseaumalebp\/?hl=fr\",\"https:\/\/www.youtube.com\/channel\/UCdzO2T1JOuFy9b6jaJdSyaQ?view_as=subscriber\",\"https:\/\/www.facebook.com\/Paroisse-dAumale-1052241828150031\",\"https:\/\/twitter.com\/ParoisseABP\"]},{\"@type\":\"Person\",\"@id\":\"https:\/\/paroisseaumalebraypicardie.fr\/#\/schema\/person\/048a3a754dfd061999a2ebfed0f0c133\",\"name\":\"admin8375\",\"image\":{\"@type\":\"ImageObject\",\"inLanguage\":\"fr-FR\",\"@id\":\"https:\/\/paroisseaumalebraypicardie.fr\/#\/schema\/person\/image\/\",\"url\":\"https:\/\/secure.gravatar.com\/avatar\/83a82140e6728d429cb70143cacc8630?s=96&d=mm&r=g\",\"contentUrl\":\"https:\/\/secure.gravatar.com\/avatar\/83a82140e6728d429cb70143cacc8630?s=96&d=mm&r=g\",\"caption\":\"admin8375\"},\"sameAs\":[\"http:\/\/www.paroisseaumalebraypicardie.fr\"],\"url\":\"https:\/\/paroisseaumalebraypicardie.fr\/index.php\/author\/admin8375\/\"}]}<\/script>\n<!-- \/ Yoast SEO plugin. -->","yoast_head_json":{"title":"SAINT MARC \u00e0 domicile - Chapitre 16 - Paroisse Aumale Bray Picardie.fr","description":"Pendant le confinement, nous sommes invit\u00e9s \u00e0 partager ensemble l'Evangile selon Saint Marc. C'est SAINT MARC \u00e0 domicile ! Chapitre 15","robots":{"index":"index","follow":"follow","max-snippet":"max-snippet:-1","max-image-preview":"max-image-preview:large","max-video-preview":"max-video-preview:-1"},"canonical":"https:\/\/paroisseaumalebraypicardie.fr\/index.php\/2020\/12\/25\/saint-marc-a-domicile-chapitre-16\/","og_locale":"fr_FR","og_type":"article","og_title":"SAINT MARC \u00e0 domicile - Chapitre 16 - Paroisse Aumale Bray Picardie.fr","og_description":"Pendant le confinement, nous sommes invit\u00e9s \u00e0 partager ensemble l'Evangile selon Saint Marc. C'est SAINT MARC \u00e0 domicile ! Chapitre 15","og_url":"https:\/\/paroisseaumalebraypicardie.fr\/index.php\/2020\/12\/25\/saint-marc-a-domicile-chapitre-16\/","og_site_name":"Paroisse Aumale Bray Picardie.fr","article_publisher":"https:\/\/www.facebook.com\/Paroisse-dAumale-1052241828150031","article_published_time":"2020-12-25T10:46:54+00:00","article_modified_time":"2020-12-25T10:46:56+00:00","og_image":[{"width":2064,"height":1148,"url":"https:\/\/i0.wp.com\/paroisseaumalebraypicardie.fr\/wp-content\/uploads\/2020\/12\/Capture-decran-2020-12-25-a-11.39.27.png?fit=2064%2C1148&ssl=1","type":"image\/png"}],"author":"admin8375","twitter_card":"summary_large_image","twitter_creator":"@ParoisseABP","twitter_site":"@ParoisseABP","twitter_misc":{"\u00c9crit par":"admin8375","Dur\u00e9e de lecture estim\u00e9e":"2 minutes"},"schema":{"@context":"https:\/\/schema.org","@graph":[{"@type":"Article","@id":"https:\/\/paroisseaumalebraypicardie.fr\/index.php\/2020\/12\/25\/saint-marc-a-domicile-chapitre-16\/#article","isPartOf":{"@id":"https:\/\/paroisseaumalebraypicardie.fr\/index.php\/2020\/12\/25\/saint-marc-a-domicile-chapitre-16\/"},"author":{"name":"admin8375","@id":"https:\/\/paroisseaumalebraypicardie.fr\/#\/schema\/person\/048a3a754dfd061999a2ebfed0f0c133"},"headline":"SAINT MARC \u00e0 domicile &#8211; Chapitre 16","datePublished":"2020-12-25T10:46:54+00:00","dateModified":"2020-12-25T10:46:56+00:00","mainEntityOfPage":{"@id":"https:\/\/paroisseaumalebraypicardie.fr\/index.php\/2020\/12\/25\/saint-marc-a-domicile-chapitre-16\/"},"wordCount":500,"commentCount":0,"publisher":{"@id":"https:\/\/paroisseaumalebraypicardie.fr\/#organization"},"articleSection":["ST MARC A DOMICILE"],"inLanguage":"fr-FR","potentialAction":[{"@type":"CommentAction","name":"Comment","target":["https:\/\/paroisseaumalebraypicardie.fr\/index.php\/2020\/12\/25\/saint-marc-a-domicile-chapitre-16\/#respond"]}]},{"@type":"WebPage","@id":"https:\/\/paroisseaumalebraypicardie.fr\/index.php\/2020\/12\/25\/saint-marc-a-domicile-chapitre-16\/","url":"https:\/\/paroisseaumalebraypicardie.fr\/index.php\/2020\/12\/25\/saint-marc-a-domicile-chapitre-16\/","name":"SAINT MARC \u00e0 domicile - Chapitre 16 - Paroisse Aumale Bray Picardie.fr","isPartOf":{"@id":"https:\/\/paroisseaumalebraypicardie.fr\/#website"},"datePublished":"2020-12-25T10:46:54+00:00","dateModified":"2020-12-25T10:46:56+00:00","description":"Pendant le confinement, nous sommes invit\u00e9s \u00e0 partager ensemble l'Evangile selon Saint Marc. C'est SAINT MARC \u00e0 domicile ! Chapitre 15","breadcrumb":{"@id":"https:\/\/paroisseaumalebraypicardie.fr\/index.php\/2020\/12\/25\/saint-marc-a-domicile-chapitre-16\/#breadcrumb"},"inLanguage":"fr-FR","potentialAction":[{"@type":"ReadAction","target":["https:\/\/paroisseaumalebraypicardie.fr\/index.php\/2020\/12\/25\/saint-marc-a-domicile-chapitre-16\/"]}]},{"@type":"BreadcrumbList","@id":"https:\/\/paroisseaumalebraypicardie.fr\/index.php\/2020\/12\/25\/saint-marc-a-domicile-chapitre-16\/#breadcrumb","itemListElement":[{"@type":"ListItem","position":1,"name":"Accueil","item":"https:\/\/paroisseaumalebraypicardie.fr\/"},{"@type":"ListItem","position":2,"name":"SAINT MARC \u00e0 domicile &#8211; Chapitre 16"}]},{"@type":"WebSite","@id":"https:\/\/paroisseaumalebraypicardie.fr\/#website","url":"https:\/\/paroisseaumalebraypicardie.fr\/","name":"Paroisse Aumale Bray Picardie.fr","description":"","publisher":{"@id":"https:\/\/paroisseaumalebraypicardie.fr\/#organization"},"potentialAction":[{"@type":"SearchAction","target":{"@type":"EntryPoint","urlTemplate":"https:\/\/paroisseaumalebraypicardie.fr\/?s={search_term_string}"},"query-input":"required name=search_term_string"}],"inLanguage":"fr-FR"},{"@type":"Organization","@id":"https:\/\/paroisseaumalebraypicardie.fr\/#organization","name":"Paroisse Aumale Bray Picardie","url":"https:\/\/paroisseaumalebraypicardie.fr\/","logo":{"@type":"ImageObject","inLanguage":"fr-FR","@id":"https:\/\/paroisseaumalebraypicardie.fr\/#\/schema\/logo\/image\/","url":"https:\/\/i1.wp.com\/paroisseaumalebraypicardie.fr\/wp-content\/uploads\/2020\/01\/img_1256_47985338107_o-scaled.jpg?fit=2560%2C1912","contentUrl":"https:\/\/i1.wp.com\/paroisseaumalebraypicardie.fr\/wp-content\/uploads\/2020\/01\/img_1256_47985338107_o-scaled.jpg?fit=2560%2C1912","width":2560,"height":1912,"caption":"Paroisse Aumale Bray Picardie"},"image":{"@id":"https:\/\/paroisseaumalebraypicardie.fr\/#\/schema\/logo\/image\/"},"sameAs":["https:\/\/www.instagram.com\/paroisseaumalebp\/?hl=fr","https:\/\/www.youtube.com\/channel\/UCdzO2T1JOuFy9b6jaJdSyaQ?view_as=subscriber","https:\/\/www.facebook.com\/Paroisse-dAumale-1052241828150031","https:\/\/twitter.com\/ParoisseABP"]},{"@type":"Person","@id":"https:\/\/paroisseaumalebraypicardie.fr\/#\/schema\/person\/048a3a754dfd061999a2ebfed0f0c133","name":"admin8375","image":{"@type":"ImageObject","inLanguage":"fr-FR","@id":"https:\/\/paroisseaumalebraypicardie.fr\/#\/schema\/person\/image\/","url":"https:\/\/secure.gravatar.com\/avatar\/83a82140e6728d429cb70143cacc8630?s=96&d=mm&r=g","contentUrl":"https:\/\/secure.gravatar.com\/avatar\/83a82140e6728d429cb70143cacc8630?s=96&d=mm&r=g","caption":"admin8375"},"sameAs":["http:\/\/www.paroisseaumalebraypicardie.fr"],"url":"https:\/\/paroisseaumalebraypicardie.fr\/index.php\/author\/admin8375\/"}]}},"jetpack_featured_media_url":"https:\/\/i0.wp.com\/paroisseaumalebraypicardie.fr\/wp-content\/uploads\/2020\/12\/Capture-decran-2020-12-25-a-11.39.27.png?fit=2064%2C1148&ssl=1","jetpack_sharing_enabled":true,"_links":{"self":[{"href":"https:\/\/paroisseaumalebraypicardie.fr\/index.php\/wp-json\/wp\/v2\/posts\/15181"}],"collection":[{"href":"https:\/\/paroisseaumalebraypicardie.fr\/index.php\/wp-json\/wp\/v2\/posts"}],"about":[{"href":"https:\/\/paroisseaumalebraypicardie.fr\/index.php\/wp-json\/wp\/v2\/types\/post"}],"author":[{"embeddable":true,"href":"https:\/\/paroisseaumalebraypicardie.fr\/index.php\/wp-json\/wp\/v2\/users\/1"}],"replies":[{"embeddable":true,"href":"https:\/\/paroisseaumalebraypicardie.fr\/index.php\/wp-json\/wp\/v2\/comments?post=15181"}],"version-history":[{"count":1,"href":"https:\/\/paroisseaumalebraypicardie.fr\/index.php\/wp-json\/wp\/v2\/posts\/15181\/revisions"}],"predecessor-version":[{"id":15185,"href":"https:\/\/paroisseaumalebraypicardie.fr\/index.php\/wp-json\/wp\/v2\/posts\/15181\/revisions\/15185"}],"wp:featuredmedia":[{"embeddable":true,"href":"https:\/\/paroisseaumalebraypicardie.fr\/index.php\/wp-json\/wp\/v2\/media\/15184"}],"wp:attachment":[{"href":"https:\/\/paroisseaumalebraypicardie.fr\/index.php\/wp-json\/wp\/v2\/media?parent=15181"}],"wp:term":[{"taxonomy":"category","embeddable":true,"href":"https:\/\/paroisseaumalebraypicardie.fr\/index.php\/wp-json\/wp\/v2\/categories?post=15181"},{"taxonomy":"post_tag","embeddable":true,"href":"https:\/\/paroisseaumalebraypicardie.fr\/index.php\/wp-json\/wp\/v2\/tags?post=15181"}],"curies":[{"name":"wp","href":"https:\/\/api.w.org\/{rel}","templated":true}]}}