{"id":17908,"date":"2021-02-16T21:17:06","date_gmt":"2021-02-16T20:17:06","guid":{"rendered":"http:\/\/paroisseaumalebraypicardie.fr\/?p=17908"},"modified":"2021-02-16T21:17:07","modified_gmt":"2021-02-16T20:17:07","slug":"camp-vacances-de-fevrier-2021","status":"publish","type":"post","link":"https:\/\/paroisseaumalebraypicardie.fr\/index.php\/2021\/02\/16\/camp-vacances-de-fevrier-2021\/","title":{"rendered":"Camp Vacances de f\u00e9vrier 2021"},"content":{"rendered":"\n<figure class=\"wp-block-image size-large\"><img loading=\"lazy\" decoding=\"async\" width=\"1024\" height=\"604\" src=\"https:\/\/i0.wp.com\/paroisseaumalebraypicardie.fr\/wp-content\/uploads\/2021\/02\/Capture-decran-2021-02-16-a-21.08.08.png?resize=1024%2C604\" alt=\"\" class=\"wp-image-17909\" srcset=\"https:\/\/i0.wp.com\/paroisseaumalebraypicardie.fr\/wp-content\/uploads\/2021\/02\/Capture-decran-2021-02-16-a-21.08.08.png?resize=1024%2C604&amp;ssl=1 1024w, https:\/\/i0.wp.com\/paroisseaumalebraypicardie.fr\/wp-content\/uploads\/2021\/02\/Capture-decran-2021-02-16-a-21.08.08.png?resize=300%2C177&amp;ssl=1 300w, https:\/\/i0.wp.com\/paroisseaumalebraypicardie.fr\/wp-content\/uploads\/2021\/02\/Capture-decran-2021-02-16-a-21.08.08.png?resize=768%2C453&amp;ssl=1 768w, https:\/\/i0.wp.com\/paroisseaumalebraypicardie.fr\/wp-content\/uploads\/2021\/02\/Capture-decran-2021-02-16-a-21.08.08.png?resize=1536%2C906&amp;ssl=1 1536w, https:\/\/i0.wp.com\/paroisseaumalebraypicardie.fr\/wp-content\/uploads\/2021\/02\/Capture-decran-2021-02-16-a-21.08.08.png?w=1814&amp;ssl=1 1814w\" sizes=\"(max-width: 1024px) 100vw, 1024px\" data-recalc-dims=\"1\" \/><\/figure>\n\n\n\n<figure class=\"wp-block-image size-large\"><img loading=\"lazy\" decoding=\"async\" width=\"1024\" height=\"154\" src=\"https:\/\/i0.wp.com\/paroisseaumalebraypicardie.fr\/wp-content\/uploads\/2021\/02\/Capture-decran-2021-02-16-a-21.08.17.png?resize=1024%2C154\" alt=\"\" class=\"wp-image-17910\" srcset=\"https:\/\/i0.wp.com\/paroisseaumalebraypicardie.fr\/wp-content\/uploads\/2021\/02\/Capture-decran-2021-02-16-a-21.08.17.png?resize=1024%2C154&amp;ssl=1 1024w, https:\/\/i0.wp.com\/paroisseaumalebraypicardie.fr\/wp-content\/uploads\/2021\/02\/Capture-decran-2021-02-16-a-21.08.17.png?resize=300%2C45&amp;ssl=1 300w, https:\/\/i0.wp.com\/paroisseaumalebraypicardie.fr\/wp-content\/uploads\/2021\/02\/Capture-decran-2021-02-16-a-21.08.17.png?resize=768%2C116&amp;ssl=1 768w, https:\/\/i0.wp.com\/paroisseaumalebraypicardie.fr\/wp-content\/uploads\/2021\/02\/Capture-decran-2021-02-16-a-21.08.17.png?resize=1536%2C231&amp;ssl=1 1536w, https:\/\/i0.wp.com\/paroisseaumalebraypicardie.fr\/wp-content\/uploads\/2021\/02\/Capture-decran-2021-02-16-a-21.08.17.png?w=1846&amp;ssl=1 1846w\" sizes=\"(max-width: 1024px) 100vw, 1024px\" data-recalc-dims=\"1\" \/><\/figure>\n\n\n\n<p><strong>CENTRE A\u00c9R\u00c9 (36 places)<\/strong><\/p>\n\n\n\n<p>\u00c0 Neufch\u00e2tel rue Poissonni\u00e8re, \u00e0 gauche du cin\u00e9ma<\/p>\n\n\n\n<p>Accueil \u00e0 partir de 8h45<br>Fin des activit\u00e9s pour 17h, apr\u00e8s le go\u00fbter<\/p>\n\n\n\n<p>Grands jeux de plein-air, activit\u00e9s manuelle, chant mais aussi&#8230;&nbsp;activit\u00e9s culturelles&#8230;<br>temps de r\u00e9flexion et de partage adapt\u00e9s&#8230;<\/p>\n\n\n\n<p>Tarif adh\u00e9rents \u00e0 l\u2019AEPPB (cotisation de 15 \u20ac \u00e0 jour) 3 \u20ac par jour ou 13 \u20ac la semaine<\/p>\n\n\n\n<p>Tarif non-adh\u00e9rents<br>4 \u20ac par jour ou 20 \u20ac la semaine<\/p>\n\n\n\n<p>Grands jeux de plein-air, activit\u00e9s manuelle, chant mais aussi&#8230;&nbsp;activit\u00e9s culturelles&#8230;<br>temps de r\u00e9flexion et de partage adapt\u00e9s&#8230;<\/p>\n\n\n\n<p>Renseignements et inscriptions : P\u00e8re S\u00e9bastien SAVARIN 06 76 50 46 75 ou au 2 rue des Cordeli\u00e8res \u00e0 Neufch\u00e2tel<\/p>\n","protected":false},"excerpt":{"rendered":"<p>CENTRE A\u00c9R\u00c9 (36 places) \u00c0 Neufch\u00e2tel rue Poissonni\u00e8re, \u00e0 gauche du cin\u00e9ma Accueil \u00e0 partir de 8h45Fin des activit\u00e9s pour 17h, apr\u00e8s le go\u00fbter Grands jeux de plein-air, activit\u00e9s manuelle, chant mais aussi&#8230;&nbsp;activit\u00e9s culturelles&#8230;temps de r\u00e9flexion et de partage adapt\u00e9s&#8230; Tarif adh\u00e9rents \u00e0 l\u2019AEPPB (cotisation de 15 \u20ac \u00e0 jour) 3 \u20ac par jour ou&hellip; <br \/> <a class=\"read-more\" href=\"https:\/\/paroisseaumalebraypicardie.fr\/index.php\/2021\/02\/16\/camp-vacances-de-fevrier-2021\/\">Lire la suite<\/a><\/p>\n","protected":false},"author":1,"featured_media":17911,"comment_status":"open","ping_status":"open","sticky":false,"template":"","format":"standard","meta":{"h5ap_radio_sources":[],"jetpack_post_was_ever_published":false,"_jetpack_newsletter_access":"","_jetpack_dont_email_post_to_subs":false,"_jetpack_newsletter_tier_id":0,"_jetpack_memberships_contains_paywalled_content":false,"footnotes":"","_jetpack_memberships_contains_paid_content":false,"jetpack_publicize_message":"Camp Vacances de f\u00e9vrier 2021 - Oxy'jeunes du CE2 \u00e0 la 3\u00e8me du 1er au 5 mars. #centreaere #jeunes #devraiesvacances","jetpack_publicize_feature_enabled":true,"jetpack_social_post_already_shared":true,"jetpack_social_options":{"image_generator_settings":{"template":"highway","enabled":false},"version":2}},"categories":[158],"tags":[159],"jetpack_publicize_connections":[],"yoast_head":"<!-- This site is optimized with the Yoast SEO plugin v19.13 - https:\/\/yoast.com\/wordpress\/plugins\/seo\/ -->\n<title>Camp Vacances de f\u00e9vrier 2021 - Paroisse Aumale Bray Picardie.fr<\/title>\n<meta name=\"description\" content=\"Site de la paroisse Aumale Bray Picardie - Camp de vacances OXY&#039;JEUNES pour les vacances de f\u00e9vrier du 1er au 5 mars. Inscrivez vous !\" \/>\n<meta name=\"robots\" content=\"index, follow, max-snippet:-1, max-image-preview:large, max-video-preview:-1\" \/>\n<link rel=\"canonical\" href=\"https:\/\/paroisseaumalebraypicardie.fr\/index.php\/2021\/02\/16\/camp-vacances-de-fevrier-2021\/\" \/>\n<meta property=\"og:locale\" content=\"fr_FR\" \/>\n<meta property=\"og:type\" content=\"article\" \/>\n<meta property=\"og:title\" content=\"Camp Vacances de f\u00e9vrier 2021 - Paroisse Aumale Bray Picardie.fr\" \/>\n<meta property=\"og:description\" content=\"Site de la paroisse Aumale Bray Picardie - Camp de vacances OXY&#039;JEUNES pour les vacances de f\u00e9vrier du 1er au 5 mars. Inscrivez vous !\" \/>\n<meta property=\"og:url\" content=\"https:\/\/paroisseaumalebraypicardie.fr\/index.php\/2021\/02\/16\/camp-vacances-de-fevrier-2021\/\" \/>\n<meta property=\"og:site_name\" content=\"Paroisse Aumale Bray Picardie.fr\" \/>\n<meta property=\"article:publisher\" content=\"https:\/\/www.facebook.com\/Paroisse-dAumale-1052241828150031\" \/>\n<meta property=\"article:published_time\" content=\"2021-02-16T20:17:06+00:00\" \/>\n<meta property=\"article:modified_time\" content=\"2021-02-16T20:17:07+00:00\" \/>\n<meta property=\"og:image\" content=\"https:\/\/i0.wp.com\/paroisseaumalebraypicardie.fr\/wp-content\/uploads\/2021\/02\/Capture-decran-2021-02-16-a-21.01.26.png?fit=942%2C1010&ssl=1\" \/>\n\t<meta property=\"og:image:width\" content=\"942\" \/>\n\t<meta property=\"og:image:height\" content=\"1010\" \/>\n\t<meta property=\"og:image:type\" content=\"image\/png\" \/>\n<meta name=\"author\" content=\"admin8375\" \/>\n<meta name=\"twitter:card\" content=\"summary_large_image\" \/>\n<meta name=\"twitter:creator\" content=\"@ParoisseABP\" \/>\n<meta name=\"twitter:site\" content=\"@ParoisseABP\" \/>\n<meta name=\"twitter:label1\" content=\"\u00c9crit par\" \/>\n\t<meta name=\"twitter:data1\" content=\"admin8375\" \/>\n\t<meta name=\"twitter:label2\" content=\"Dur\u00e9e de lecture estim\u00e9e\" \/>\n\t<meta name=\"twitter:data2\" content=\"1 minute\" \/>\n<script type=\"application\/ld+json\" class=\"yoast-schema-graph\">{\"@context\":\"https:\/\/schema.org\",\"@graph\":[{\"@type\":\"Article\",\"@id\":\"https:\/\/paroisseaumalebraypicardie.fr\/index.php\/2021\/02\/16\/camp-vacances-de-fevrier-2021\/#article\",\"isPartOf\":{\"@id\":\"https:\/\/paroisseaumalebraypicardie.fr\/index.php\/2021\/02\/16\/camp-vacances-de-fevrier-2021\/\"},\"author\":{\"name\":\"admin8375\",\"@id\":\"https:\/\/paroisseaumalebraypicardie.fr\/#\/schema\/person\/048a3a754dfd061999a2ebfed0f0c133\"},\"headline\":\"Camp Vacances de f\u00e9vrier 2021\",\"datePublished\":\"2021-02-16T20:17:06+00:00\",\"dateModified\":\"2021-02-16T20:17:07+00:00\",\"mainEntityOfPage\":{\"@id\":\"https:\/\/paroisseaumalebraypicardie.fr\/index.php\/2021\/02\/16\/camp-vacances-de-fevrier-2021\/\"},\"wordCount\":116,\"commentCount\":0,\"publisher\":{\"@id\":\"https:\/\/paroisseaumalebraypicardie.fr\/#organization\"},\"keywords\":[\"camp\"],\"articleSection\":[\"Camp de vacances\"],\"inLanguage\":\"fr-FR\",\"potentialAction\":[{\"@type\":\"CommentAction\",\"name\":\"Comment\",\"target\":[\"https:\/\/paroisseaumalebraypicardie.fr\/index.php\/2021\/02\/16\/camp-vacances-de-fevrier-2021\/#respond\"]}]},{\"@type\":\"WebPage\",\"@id\":\"https:\/\/paroisseaumalebraypicardie.fr\/index.php\/2021\/02\/16\/camp-vacances-de-fevrier-2021\/\",\"url\":\"https:\/\/paroisseaumalebraypicardie.fr\/index.php\/2021\/02\/16\/camp-vacances-de-fevrier-2021\/\",\"name\":\"Camp Vacances de f\u00e9vrier 2021 - Paroisse Aumale Bray Picardie.fr\",\"isPartOf\":{\"@id\":\"https:\/\/paroisseaumalebraypicardie.fr\/#website\"},\"datePublished\":\"2021-02-16T20:17:06+00:00\",\"dateModified\":\"2021-02-16T20:17:07+00:00\",\"description\":\"Site de la paroisse Aumale Bray Picardie - Camp de vacances OXY'JEUNES pour les vacances de f\u00e9vrier du 1er au 5 mars. Inscrivez vous !\",\"breadcrumb\":{\"@id\":\"https:\/\/paroisseaumalebraypicardie.fr\/index.php\/2021\/02\/16\/camp-vacances-de-fevrier-2021\/#breadcrumb\"},\"inLanguage\":\"fr-FR\",\"potentialAction\":[{\"@type\":\"ReadAction\",\"target\":[\"https:\/\/paroisseaumalebraypicardie.fr\/index.php\/2021\/02\/16\/camp-vacances-de-fevrier-2021\/\"]}]},{\"@type\":\"BreadcrumbList\",\"@id\":\"https:\/\/paroisseaumalebraypicardie.fr\/index.php\/2021\/02\/16\/camp-vacances-de-fevrier-2021\/#breadcrumb\",\"itemListElement\":[{\"@type\":\"ListItem\",\"position\":1,\"name\":\"Accueil\",\"item\":\"https:\/\/paroisseaumalebraypicardie.fr\/\"},{\"@type\":\"ListItem\",\"position\":2,\"name\":\"Camp Vacances de f\u00e9vrier 2021\"}]},{\"@type\":\"WebSite\",\"@id\":\"https:\/\/paroisseaumalebraypicardie.fr\/#website\",\"url\":\"https:\/\/paroisseaumalebraypicardie.fr\/\",\"name\":\"Paroisse Aumale Bray Picardie.fr\",\"description\":\"\",\"publisher\":{\"@id\":\"https:\/\/paroisseaumalebraypicardie.fr\/#organization\"},\"potentialAction\":[{\"@type\":\"SearchAction\",\"target\":{\"@type\":\"EntryPoint\",\"urlTemplate\":\"https:\/\/paroisseaumalebraypicardie.fr\/?s={search_term_string}\"},\"query-input\":\"required name=search_term_string\"}],\"inLanguage\":\"fr-FR\"},{\"@type\":\"Organization\",\"@id\":\"https:\/\/paroisseaumalebraypicardie.fr\/#organization\",\"name\":\"Paroisse Aumale Bray Picardie\",\"url\":\"https:\/\/paroisseaumalebraypicardie.fr\/\",\"logo\":{\"@type\":\"ImageObject\",\"inLanguage\":\"fr-FR\",\"@id\":\"https:\/\/paroisseaumalebraypicardie.fr\/#\/schema\/logo\/image\/\",\"url\":\"https:\/\/i1.wp.com\/paroisseaumalebraypicardie.fr\/wp-content\/uploads\/2020\/01\/img_1256_47985338107_o-scaled.jpg?fit=2560%2C1912\",\"contentUrl\":\"https:\/\/i1.wp.com\/paroisseaumalebraypicardie.fr\/wp-content\/uploads\/2020\/01\/img_1256_47985338107_o-scaled.jpg?fit=2560%2C1912\",\"width\":2560,\"height\":1912,\"caption\":\"Paroisse Aumale Bray Picardie\"},\"image\":{\"@id\":\"https:\/\/paroisseaumalebraypicardie.fr\/#\/schema\/logo\/image\/\"},\"sameAs\":[\"https:\/\/www.instagram.com\/paroisseaumalebp\/?hl=fr\",\"https:\/\/www.youtube.com\/channel\/UCdzO2T1JOuFy9b6jaJdSyaQ?view_as=subscriber\",\"https:\/\/www.facebook.com\/Paroisse-dAumale-1052241828150031\",\"https:\/\/twitter.com\/ParoisseABP\"]},{\"@type\":\"Person\",\"@id\":\"https:\/\/paroisseaumalebraypicardie.fr\/#\/schema\/person\/048a3a754dfd061999a2ebfed0f0c133\",\"name\":\"admin8375\",\"image\":{\"@type\":\"ImageObject\",\"inLanguage\":\"fr-FR\",\"@id\":\"https:\/\/paroisseaumalebraypicardie.fr\/#\/schema\/person\/image\/\",\"url\":\"https:\/\/secure.gravatar.com\/avatar\/83a82140e6728d429cb70143cacc8630?s=96&d=mm&r=g\",\"contentUrl\":\"https:\/\/secure.gravatar.com\/avatar\/83a82140e6728d429cb70143cacc8630?s=96&d=mm&r=g\",\"caption\":\"admin8375\"},\"sameAs\":[\"http:\/\/www.paroisseaumalebraypicardie.fr\"],\"url\":\"https:\/\/paroisseaumalebraypicardie.fr\/index.php\/author\/admin8375\/\"}]}<\/script>\n<!-- \/ Yoast SEO plugin. -->","yoast_head_json":{"title":"Camp Vacances de f\u00e9vrier 2021 - Paroisse Aumale Bray Picardie.fr","description":"Site de la paroisse Aumale Bray Picardie - Camp de vacances OXY'JEUNES pour les vacances de f\u00e9vrier du 1er au 5 mars. Inscrivez vous !","robots":{"index":"index","follow":"follow","max-snippet":"max-snippet:-1","max-image-preview":"max-image-preview:large","max-video-preview":"max-video-preview:-1"},"canonical":"https:\/\/paroisseaumalebraypicardie.fr\/index.php\/2021\/02\/16\/camp-vacances-de-fevrier-2021\/","og_locale":"fr_FR","og_type":"article","og_title":"Camp Vacances de f\u00e9vrier 2021 - Paroisse Aumale Bray Picardie.fr","og_description":"Site de la paroisse Aumale Bray Picardie - Camp de vacances OXY'JEUNES pour les vacances de f\u00e9vrier du 1er au 5 mars. Inscrivez vous !","og_url":"https:\/\/paroisseaumalebraypicardie.fr\/index.php\/2021\/02\/16\/camp-vacances-de-fevrier-2021\/","og_site_name":"Paroisse Aumale Bray Picardie.fr","article_publisher":"https:\/\/www.facebook.com\/Paroisse-dAumale-1052241828150031","article_published_time":"2021-02-16T20:17:06+00:00","article_modified_time":"2021-02-16T20:17:07+00:00","og_image":[{"width":942,"height":1010,"url":"https:\/\/i0.wp.com\/paroisseaumalebraypicardie.fr\/wp-content\/uploads\/2021\/02\/Capture-decran-2021-02-16-a-21.01.26.png?fit=942%2C1010&ssl=1","type":"image\/png"}],"author":"admin8375","twitter_card":"summary_large_image","twitter_creator":"@ParoisseABP","twitter_site":"@ParoisseABP","twitter_misc":{"\u00c9crit par":"admin8375","Dur\u00e9e de lecture estim\u00e9e":"1 minute"},"schema":{"@context":"https:\/\/schema.org","@graph":[{"@type":"Article","@id":"https:\/\/paroisseaumalebraypicardie.fr\/index.php\/2021\/02\/16\/camp-vacances-de-fevrier-2021\/#article","isPartOf":{"@id":"https:\/\/paroisseaumalebraypicardie.fr\/index.php\/2021\/02\/16\/camp-vacances-de-fevrier-2021\/"},"author":{"name":"admin8375","@id":"https:\/\/paroisseaumalebraypicardie.fr\/#\/schema\/person\/048a3a754dfd061999a2ebfed0f0c133"},"headline":"Camp Vacances de f\u00e9vrier 2021","datePublished":"2021-02-16T20:17:06+00:00","dateModified":"2021-02-16T20:17:07+00:00","mainEntityOfPage":{"@id":"https:\/\/paroisseaumalebraypicardie.fr\/index.php\/2021\/02\/16\/camp-vacances-de-fevrier-2021\/"},"wordCount":116,"commentCount":0,"publisher":{"@id":"https:\/\/paroisseaumalebraypicardie.fr\/#organization"},"keywords":["camp"],"articleSection":["Camp de vacances"],"inLanguage":"fr-FR","potentialAction":[{"@type":"CommentAction","name":"Comment","target":["https:\/\/paroisseaumalebraypicardie.fr\/index.php\/2021\/02\/16\/camp-vacances-de-fevrier-2021\/#respond"]}]},{"@type":"WebPage","@id":"https:\/\/paroisseaumalebraypicardie.fr\/index.php\/2021\/02\/16\/camp-vacances-de-fevrier-2021\/","url":"https:\/\/paroisseaumalebraypicardie.fr\/index.php\/2021\/02\/16\/camp-vacances-de-fevrier-2021\/","name":"Camp Vacances de f\u00e9vrier 2021 - Paroisse Aumale Bray Picardie.fr","isPartOf":{"@id":"https:\/\/paroisseaumalebraypicardie.fr\/#website"},"datePublished":"2021-02-16T20:17:06+00:00","dateModified":"2021-02-16T20:17:07+00:00","description":"Site de la paroisse Aumale Bray Picardie - Camp de vacances OXY'JEUNES pour les vacances de f\u00e9vrier du 1er au 5 mars. Inscrivez vous !","breadcrumb":{"@id":"https:\/\/paroisseaumalebraypicardie.fr\/index.php\/2021\/02\/16\/camp-vacances-de-fevrier-2021\/#breadcrumb"},"inLanguage":"fr-FR","potentialAction":[{"@type":"ReadAction","target":["https:\/\/paroisseaumalebraypicardie.fr\/index.php\/2021\/02\/16\/camp-vacances-de-fevrier-2021\/"]}]},{"@type":"BreadcrumbList","@id":"https:\/\/paroisseaumalebraypicardie.fr\/index.php\/2021\/02\/16\/camp-vacances-de-fevrier-2021\/#breadcrumb","itemListElement":[{"@type":"ListItem","position":1,"name":"Accueil","item":"https:\/\/paroisseaumalebraypicardie.fr\/"},{"@type":"ListItem","position":2,"name":"Camp Vacances de f\u00e9vrier 2021"}]},{"@type":"WebSite","@id":"https:\/\/paroisseaumalebraypicardie.fr\/#website","url":"https:\/\/paroisseaumalebraypicardie.fr\/","name":"Paroisse Aumale Bray Picardie.fr","description":"","publisher":{"@id":"https:\/\/paroisseaumalebraypicardie.fr\/#organization"},"potentialAction":[{"@type":"SearchAction","target":{"@type":"EntryPoint","urlTemplate":"https:\/\/paroisseaumalebraypicardie.fr\/?s={search_term_string}"},"query-input":"required name=search_term_string"}],"inLanguage":"fr-FR"},{"@type":"Organization","@id":"https:\/\/paroisseaumalebraypicardie.fr\/#organization","name":"Paroisse Aumale Bray Picardie","url":"https:\/\/paroisseaumalebraypicardie.fr\/","logo":{"@type":"ImageObject","inLanguage":"fr-FR","@id":"https:\/\/paroisseaumalebraypicardie.fr\/#\/schema\/logo\/image\/","url":"https:\/\/i1.wp.com\/paroisseaumalebraypicardie.fr\/wp-content\/uploads\/2020\/01\/img_1256_47985338107_o-scaled.jpg?fit=2560%2C1912","contentUrl":"https:\/\/i1.wp.com\/paroisseaumalebraypicardie.fr\/wp-content\/uploads\/2020\/01\/img_1256_47985338107_o-scaled.jpg?fit=2560%2C1912","width":2560,"height":1912,"caption":"Paroisse Aumale Bray Picardie"},"image":{"@id":"https:\/\/paroisseaumalebraypicardie.fr\/#\/schema\/logo\/image\/"},"sameAs":["https:\/\/www.instagram.com\/paroisseaumalebp\/?hl=fr","https:\/\/www.youtube.com\/channel\/UCdzO2T1JOuFy9b6jaJdSyaQ?view_as=subscriber","https:\/\/www.facebook.com\/Paroisse-dAumale-1052241828150031","https:\/\/twitter.com\/ParoisseABP"]},{"@type":"Person","@id":"https:\/\/paroisseaumalebraypicardie.fr\/#\/schema\/person\/048a3a754dfd061999a2ebfed0f0c133","name":"admin8375","image":{"@type":"ImageObject","inLanguage":"fr-FR","@id":"https:\/\/paroisseaumalebraypicardie.fr\/#\/schema\/person\/image\/","url":"https:\/\/secure.gravatar.com\/avatar\/83a82140e6728d429cb70143cacc8630?s=96&d=mm&r=g","contentUrl":"https:\/\/secure.gravatar.com\/avatar\/83a82140e6728d429cb70143cacc8630?s=96&d=mm&r=g","caption":"admin8375"},"sameAs":["http:\/\/www.paroisseaumalebraypicardie.fr"],"url":"https:\/\/paroisseaumalebraypicardie.fr\/index.php\/author\/admin8375\/"}]}},"jetpack_featured_media_url":"https:\/\/i0.wp.com\/paroisseaumalebraypicardie.fr\/wp-content\/uploads\/2021\/02\/Capture-decran-2021-02-16-a-21.01.26.png?fit=942%2C1010&ssl=1","jetpack_sharing_enabled":true,"_links":{"self":[{"href":"https:\/\/paroisseaumalebraypicardie.fr\/index.php\/wp-json\/wp\/v2\/posts\/17908"}],"collection":[{"href":"https:\/\/paroisseaumalebraypicardie.fr\/index.php\/wp-json\/wp\/v2\/posts"}],"about":[{"href":"https:\/\/paroisseaumalebraypicardie.fr\/index.php\/wp-json\/wp\/v2\/types\/post"}],"author":[{"embeddable":true,"href":"https:\/\/paroisseaumalebraypicardie.fr\/index.php\/wp-json\/wp\/v2\/users\/1"}],"replies":[{"embeddable":true,"href":"https:\/\/paroisseaumalebraypicardie.fr\/index.php\/wp-json\/wp\/v2\/comments?post=17908"}],"version-history":[{"count":1,"href":"https:\/\/paroisseaumalebraypicardie.fr\/index.php\/wp-json\/wp\/v2\/posts\/17908\/revisions"}],"predecessor-version":[{"id":17912,"href":"https:\/\/paroisseaumalebraypicardie.fr\/index.php\/wp-json\/wp\/v2\/posts\/17908\/revisions\/17912"}],"wp:featuredmedia":[{"embeddable":true,"href":"https:\/\/paroisseaumalebraypicardie.fr\/index.php\/wp-json\/wp\/v2\/media\/17911"}],"wp:attachment":[{"href":"https:\/\/paroisseaumalebraypicardie.fr\/index.php\/wp-json\/wp\/v2\/media?parent=17908"}],"wp:term":[{"taxonomy":"category","embeddable":true,"href":"https:\/\/paroisseaumalebraypicardie.fr\/index.php\/wp-json\/wp\/v2\/categories?post=17908"},{"taxonomy":"post_tag","embeddable":true,"href":"https:\/\/paroisseaumalebraypicardie.fr\/index.php\/wp-json\/wp\/v2\/tags?post=17908"}],"curies":[{"name":"wp","href":"https:\/\/api.w.org\/{rel}","templated":true}]}}