{"id":27917,"date":"2021-08-31T22:50:59","date_gmt":"2021-08-31T20:50:59","guid":{"rendered":"http:\/\/paroisseaumalebraypicardie.fr\/?p=27917"},"modified":"2021-08-31T22:51:00","modified_gmt":"2021-08-31T20:51:00","slug":"messe-moisson-2021-illois","status":"publish","type":"post","link":"https:\/\/paroisseaumalebraypicardie.fr\/index.php\/2021\/08\/31\/messe-moisson-2021-illois\/","title":{"rendered":"Messe de la moisson 2021 \u00e0 Illois"},"content":{"rendered":"\n<p>La messe de la moisson a \u00e9t\u00e9 c\u00e9l\u00e9br\u00e9e ce dimanche 29 ao\u00fbt 2021 dans le parc magnifiquement d\u00e9cor\u00e9 du Ch\u00e2teau d&rsquo;Illois ; rassemblant les agriculteurs, leurs familles et les paroissiens.<\/p>\n\n\n\n<p>Par la messe de la moisson, les pri\u00e8res des <a href=\"http:\/\/paroisseaumalebraypicardie.fr\/index.php\/2021\/05\/09\/jours-des-rogations\/\">rogations<\/a> lors de l&rsquo;Ascension ont ainsi trouv\u00e9 leur prolongement dans notre paroisse en valorisant le travail de nos paroissiens qui travaillent la terre et nous nourrissent.<\/p>\n\n\n\n<p>Retrouvez ci-dessous quelques moments de cet \u00e9v\u00e8nement.<\/p>\n\n\n\n<figure class=\"wp-block-embed is-type-video is-provider-youtube wp-block-embed-youtube wp-embed-aspect-16-9 wp-has-aspect-ratio\"><div class=\"wp-block-embed__wrapper\">\n<div class='embed-container'><iframe loading=\"lazy\" title=\"Messe de la moisson du 29 ao\u00fbt 2021 \u00e0 Illois\" width=\"1920\" height=\"1080\" src=\"https:\/\/www.youtube.com\/embed\/1kMDDSXCzqQ?feature=oembed\" frameborder=\"0\" allow=\"accelerometer; autoplay; clipboard-write; encrypted-media; gyroscope; picture-in-picture\" allowfullscreen><\/iframe><\/div>\n<\/div><\/figure>\n\n\n\n<p>Un grand merci \u00e0 Hubert pour les photos \ud83d\ude42<\/p>\n\n\n\n<blockquote class=\"wp-block-quote\"><p>En ce temps-l\u00e0, voici qu\u2019on pr\u00e9senta \u00e0 J\u00e9sus un poss\u00e9d\u00e9 qui \u00e9tait sourd-muet.<\/p><p>Lorsque le d\u00e9mon eut \u00e9t\u00e9 expuls\u00e9, le sourd-muet se mit \u00e0 parler. Les foules furent dans l\u2019admiration, et elles disaient\u00a0: \u00ab\u00a0Jamais rien de pareil ne s\u2019est vu en Isra\u00ebl\u00a0!\u00a0\u00bb<\/p><p>Mais les pharisiens disaient\u00a0: \u00ab\u00a0C\u2019est par le chef des d\u00e9mons qu\u2019il expulse les d\u00e9mons.\u00a0\u00bb<\/p><p>J\u00e9sus parcourait toutes les villes et tous les villages, enseignant dans leurs synagogues, proclamant l\u2019\u00c9vangile du Royaume et gu\u00e9rissant toute maladie et toute infirmit\u00e9.<\/p><p>Voyant les foules, J\u00e9sus fut saisi de compassion envers elles parce qu\u2019elles \u00e9taient d\u00e9sempar\u00e9es et abattues comme des brebis sans berger.<\/p><p>Il dit alors \u00e0 ses disciples\u00a0: \u00ab\u00a0La moisson est abondante, mais les ouvriers sont peu nombreux.<\/p><p>Priez donc le ma\u00eetre de la moisson d\u2019envoyer des ouvriers pour sa moisson.\u00a0\u00bb<\/p><cite>Matthieu 9, 32-38<\/cite><\/blockquote>\n","protected":false},"excerpt":{"rendered":"<p>La messe de la moisson a \u00e9t\u00e9 c\u00e9l\u00e9br\u00e9e ce dimanche 29 ao\u00fbt 2021 dans le parc magnifiquement d\u00e9cor\u00e9 du Ch\u00e2teau d&rsquo;Illois ; rassemblant les agriculteurs, leurs familles et les paroissiens. Par la messe de la moisson, les pri\u00e8res des rogations lors de l&rsquo;Ascension ont ainsi trouv\u00e9 leur prolongement dans notre paroisse en valorisant le travail&hellip; <br \/> <a class=\"read-more\" href=\"https:\/\/paroisseaumalebraypicardie.fr\/index.php\/2021\/08\/31\/messe-moisson-2021-illois\/\">Lire la suite<\/a><\/p>\n","protected":false},"author":1,"featured_media":27918,"comment_status":"open","ping_status":"open","sticky":false,"template":"","format":"standard","meta":{"h5ap_radio_sources":[],"jetpack_post_was_ever_published":false,"_jetpack_newsletter_access":"","_jetpack_dont_email_post_to_subs":false,"_jetpack_newsletter_tier_id":0,"_jetpack_memberships_contains_paywalled_content":false,"footnotes":"","_jetpack_memberships_contains_paid_content":false,"jetpack_publicize_message":"Messe de la moisson 2021 \u00e0 Illois#paroisseaumalebraypicardie","jetpack_publicize_feature_enabled":true,"jetpack_social_post_already_shared":true,"jetpack_social_options":{"image_generator_settings":{"template":"highway","enabled":false},"version":2}},"categories":[1],"tags":[54,13,204,202],"jetpack_publicize_connections":[],"yoast_head":"<!-- This site is optimized with the Yoast SEO plugin v19.13 - https:\/\/yoast.com\/wordpress\/plugins\/seo\/ -->\n<title>Messe de la moisson 2021 \u00e0 Illois - Paroisse Aumale Bray Picardie.fr<\/title>\n<meta name=\"description\" content=\"Messe de la moisson c\u00e9l\u00e9br\u00e9e \u00e0 Illois le 29 aout 2021 par le p\u00e8re Jean-Claude Varin. Paroisse Aumale Bray Picardie\" \/>\n<meta name=\"robots\" content=\"index, follow, max-snippet:-1, max-image-preview:large, max-video-preview:-1\" \/>\n<link rel=\"canonical\" href=\"https:\/\/paroisseaumalebraypicardie.fr\/index.php\/2021\/08\/31\/messe-moisson-2021-illois\/\" \/>\n<meta property=\"og:locale\" content=\"fr_FR\" \/>\n<meta property=\"og:type\" content=\"article\" \/>\n<meta property=\"og:title\" content=\"Messe de la moisson du 29 ao\u00fbt 2021 \u00e0 Illois\" \/>\n<meta property=\"og:description\" content=\"Retrouvez ici quelques moments de la messe le moisson c\u00e9l\u00e9br\u00e9e \u00e0 Illois par le P\u00e8re Jean-Claude Varin.Un grand merci \u00e0 Hubert pour les prises de vues ! #paroisseaumalebraypicardie\" \/>\n<meta property=\"og:url\" content=\"https:\/\/paroisseaumalebraypicardie.fr\/index.php\/2021\/08\/31\/messe-moisson-2021-illois\/\" \/>\n<meta property=\"og:site_name\" content=\"Paroisse Aumale Bray Picardie.fr\" \/>\n<meta property=\"article:publisher\" content=\"https:\/\/www.facebook.com\/Paroisse-dAumale-1052241828150031\" \/>\n<meta property=\"article:published_time\" content=\"2021-08-31T20:50:59+00:00\" \/>\n<meta property=\"article:modified_time\" content=\"2021-08-31T20:51:00+00:00\" \/>\n<meta property=\"og:image\" content=\"https:\/\/i0.wp.com\/paroisseaumalebraypicardie.fr\/wp-content\/uploads\/2021\/08\/DSC_0612-scaled.jpg?fit=2560%2C1707&ssl=1\" \/>\n\t<meta property=\"og:image:width\" content=\"2560\" \/>\n\t<meta property=\"og:image:height\" content=\"1707\" \/>\n\t<meta property=\"og:image:type\" content=\"image\/jpeg\" \/>\n<meta name=\"author\" content=\"admin8375\" \/>\n<meta name=\"twitter:card\" content=\"summary_large_image\" \/>\n<meta name=\"twitter:title\" content=\"Messe de la #moisson\" \/>\n<meta name=\"twitter:description\" content=\"Retrouvez ici quelques moments de la messe le moisson c\u00e9l\u00e9br\u00e9e \u00e0 Illois par le P\u00e8re Jean-Claude Varin.Un grand merci \u00e0 Hubert pour les prises de vues ! #paroisseaumalebraypicardie\" \/>\n<meta name=\"twitter:image\" content=\"https:\/\/i0.wp.com\/paroisseaumalebraypicardie.fr\/wp-content\/uploads\/2021\/08\/DSC_0612-scaled.jpg?fit=2560%2C1707&ssl=1\" \/>\n<meta name=\"twitter:creator\" content=\"@ParoisseABP\" \/>\n<meta name=\"twitter:site\" content=\"@ParoisseABP\" \/>\n<meta name=\"twitter:label1\" content=\"\u00c9crit par\" \/>\n\t<meta name=\"twitter:data1\" content=\"admin8375\" \/>\n\t<meta name=\"twitter:label2\" content=\"Dur\u00e9e de lecture estim\u00e9e\" \/>\n\t<meta name=\"twitter:data2\" content=\"1 minute\" \/>\n<script type=\"application\/ld+json\" class=\"yoast-schema-graph\">{\"@context\":\"https:\/\/schema.org\",\"@graph\":[{\"@type\":\"Article\",\"@id\":\"https:\/\/paroisseaumalebraypicardie.fr\/index.php\/2021\/08\/31\/messe-moisson-2021-illois\/#article\",\"isPartOf\":{\"@id\":\"https:\/\/paroisseaumalebraypicardie.fr\/index.php\/2021\/08\/31\/messe-moisson-2021-illois\/\"},\"author\":{\"name\":\"admin8375\",\"@id\":\"https:\/\/paroisseaumalebraypicardie.fr\/#\/schema\/person\/048a3a754dfd061999a2ebfed0f0c133\"},\"headline\":\"Messe de la moisson 2021 \u00e0 Illois\",\"datePublished\":\"2021-08-31T20:50:59+00:00\",\"dateModified\":\"2021-08-31T20:51:00+00:00\",\"mainEntityOfPage\":{\"@id\":\"https:\/\/paroisseaumalebraypicardie.fr\/index.php\/2021\/08\/31\/messe-moisson-2021-illois\/\"},\"wordCount\":246,\"commentCount\":0,\"publisher\":{\"@id\":\"https:\/\/paroisseaumalebraypicardie.fr\/#organization\"},\"keywords\":[\"Illois\",\"Messe\",\"messe de la moisson\",\"moisson\"],\"inLanguage\":\"fr-FR\",\"potentialAction\":[{\"@type\":\"CommentAction\",\"name\":\"Comment\",\"target\":[\"https:\/\/paroisseaumalebraypicardie.fr\/index.php\/2021\/08\/31\/messe-moisson-2021-illois\/#respond\"]}]},{\"@type\":\"WebPage\",\"@id\":\"https:\/\/paroisseaumalebraypicardie.fr\/index.php\/2021\/08\/31\/messe-moisson-2021-illois\/\",\"url\":\"https:\/\/paroisseaumalebraypicardie.fr\/index.php\/2021\/08\/31\/messe-moisson-2021-illois\/\",\"name\":\"Messe de la moisson 2021 \u00e0 Illois - Paroisse Aumale Bray Picardie.fr\",\"isPartOf\":{\"@id\":\"https:\/\/paroisseaumalebraypicardie.fr\/#website\"},\"datePublished\":\"2021-08-31T20:50:59+00:00\",\"dateModified\":\"2021-08-31T20:51:00+00:00\",\"description\":\"Messe de la moisson c\u00e9l\u00e9br\u00e9e \u00e0 Illois le 29 aout 2021 par le p\u00e8re Jean-Claude Varin. Paroisse Aumale Bray Picardie\",\"breadcrumb\":{\"@id\":\"https:\/\/paroisseaumalebraypicardie.fr\/index.php\/2021\/08\/31\/messe-moisson-2021-illois\/#breadcrumb\"},\"inLanguage\":\"fr-FR\",\"potentialAction\":[{\"@type\":\"ReadAction\",\"target\":[\"https:\/\/paroisseaumalebraypicardie.fr\/index.php\/2021\/08\/31\/messe-moisson-2021-illois\/\"]}]},{\"@type\":\"BreadcrumbList\",\"@id\":\"https:\/\/paroisseaumalebraypicardie.fr\/index.php\/2021\/08\/31\/messe-moisson-2021-illois\/#breadcrumb\",\"itemListElement\":[{\"@type\":\"ListItem\",\"position\":1,\"name\":\"Accueil\",\"item\":\"https:\/\/paroisseaumalebraypicardie.fr\/\"},{\"@type\":\"ListItem\",\"position\":2,\"name\":\"Messe de la moisson 2021 \u00e0 Illois\"}]},{\"@type\":\"WebSite\",\"@id\":\"https:\/\/paroisseaumalebraypicardie.fr\/#website\",\"url\":\"https:\/\/paroisseaumalebraypicardie.fr\/\",\"name\":\"Paroisse Aumale Bray Picardie.fr\",\"description\":\"\",\"publisher\":{\"@id\":\"https:\/\/paroisseaumalebraypicardie.fr\/#organization\"},\"potentialAction\":[{\"@type\":\"SearchAction\",\"target\":{\"@type\":\"EntryPoint\",\"urlTemplate\":\"https:\/\/paroisseaumalebraypicardie.fr\/?s={search_term_string}\"},\"query-input\":\"required name=search_term_string\"}],\"inLanguage\":\"fr-FR\"},{\"@type\":\"Organization\",\"@id\":\"https:\/\/paroisseaumalebraypicardie.fr\/#organization\",\"name\":\"Paroisse Aumale Bray Picardie\",\"url\":\"https:\/\/paroisseaumalebraypicardie.fr\/\",\"logo\":{\"@type\":\"ImageObject\",\"inLanguage\":\"fr-FR\",\"@id\":\"https:\/\/paroisseaumalebraypicardie.fr\/#\/schema\/logo\/image\/\",\"url\":\"https:\/\/i1.wp.com\/paroisseaumalebraypicardie.fr\/wp-content\/uploads\/2020\/01\/img_1256_47985338107_o-scaled.jpg?fit=2560%2C1912\",\"contentUrl\":\"https:\/\/i1.wp.com\/paroisseaumalebraypicardie.fr\/wp-content\/uploads\/2020\/01\/img_1256_47985338107_o-scaled.jpg?fit=2560%2C1912\",\"width\":2560,\"height\":1912,\"caption\":\"Paroisse Aumale Bray Picardie\"},\"image\":{\"@id\":\"https:\/\/paroisseaumalebraypicardie.fr\/#\/schema\/logo\/image\/\"},\"sameAs\":[\"https:\/\/www.instagram.com\/paroisseaumalebp\/?hl=fr\",\"https:\/\/www.youtube.com\/channel\/UCdzO2T1JOuFy9b6jaJdSyaQ?view_as=subscriber\",\"https:\/\/www.facebook.com\/Paroisse-dAumale-1052241828150031\",\"https:\/\/twitter.com\/ParoisseABP\"]},{\"@type\":\"Person\",\"@id\":\"https:\/\/paroisseaumalebraypicardie.fr\/#\/schema\/person\/048a3a754dfd061999a2ebfed0f0c133\",\"name\":\"admin8375\",\"image\":{\"@type\":\"ImageObject\",\"inLanguage\":\"fr-FR\",\"@id\":\"https:\/\/paroisseaumalebraypicardie.fr\/#\/schema\/person\/image\/\",\"url\":\"https:\/\/secure.gravatar.com\/avatar\/83a82140e6728d429cb70143cacc8630?s=96&d=mm&r=g\",\"contentUrl\":\"https:\/\/secure.gravatar.com\/avatar\/83a82140e6728d429cb70143cacc8630?s=96&d=mm&r=g\",\"caption\":\"admin8375\"},\"sameAs\":[\"http:\/\/www.paroisseaumalebraypicardie.fr\"],\"url\":\"https:\/\/paroisseaumalebraypicardie.fr\/index.php\/author\/admin8375\/\"}]}<\/script>\n<!-- \/ Yoast SEO plugin. -->","yoast_head_json":{"title":"Messe de la moisson 2021 \u00e0 Illois - Paroisse Aumale Bray Picardie.fr","description":"Messe de la moisson c\u00e9l\u00e9br\u00e9e \u00e0 Illois le 29 aout 2021 par le p\u00e8re Jean-Claude Varin. Paroisse Aumale Bray Picardie","robots":{"index":"index","follow":"follow","max-snippet":"max-snippet:-1","max-image-preview":"max-image-preview:large","max-video-preview":"max-video-preview:-1"},"canonical":"https:\/\/paroisseaumalebraypicardie.fr\/index.php\/2021\/08\/31\/messe-moisson-2021-illois\/","og_locale":"fr_FR","og_type":"article","og_title":"Messe de la moisson du 29 ao\u00fbt 2021 \u00e0 Illois","og_description":"Retrouvez ici quelques moments de la messe le moisson c\u00e9l\u00e9br\u00e9e \u00e0 Illois par le P\u00e8re Jean-Claude Varin.Un grand merci \u00e0 Hubert pour les prises de vues ! #paroisseaumalebraypicardie","og_url":"https:\/\/paroisseaumalebraypicardie.fr\/index.php\/2021\/08\/31\/messe-moisson-2021-illois\/","og_site_name":"Paroisse Aumale Bray Picardie.fr","article_publisher":"https:\/\/www.facebook.com\/Paroisse-dAumale-1052241828150031","article_published_time":"2021-08-31T20:50:59+00:00","article_modified_time":"2021-08-31T20:51:00+00:00","og_image":[{"width":2560,"height":1707,"url":"https:\/\/i0.wp.com\/paroisseaumalebraypicardie.fr\/wp-content\/uploads\/2021\/08\/DSC_0612-scaled.jpg?fit=2560%2C1707&ssl=1","type":"image\/jpeg"}],"author":"admin8375","twitter_card":"summary_large_image","twitter_title":"Messe de la #moisson","twitter_description":"Retrouvez ici quelques moments de la messe le moisson c\u00e9l\u00e9br\u00e9e \u00e0 Illois par le P\u00e8re Jean-Claude Varin.Un grand merci \u00e0 Hubert pour les prises de vues ! #paroisseaumalebraypicardie","twitter_image":"https:\/\/i0.wp.com\/paroisseaumalebraypicardie.fr\/wp-content\/uploads\/2021\/08\/DSC_0612-scaled.jpg?fit=2560%2C1707&ssl=1","twitter_creator":"@ParoisseABP","twitter_site":"@ParoisseABP","twitter_misc":{"\u00c9crit par":"admin8375","Dur\u00e9e de lecture estim\u00e9e":"1 minute"},"schema":{"@context":"https:\/\/schema.org","@graph":[{"@type":"Article","@id":"https:\/\/paroisseaumalebraypicardie.fr\/index.php\/2021\/08\/31\/messe-moisson-2021-illois\/#article","isPartOf":{"@id":"https:\/\/paroisseaumalebraypicardie.fr\/index.php\/2021\/08\/31\/messe-moisson-2021-illois\/"},"author":{"name":"admin8375","@id":"https:\/\/paroisseaumalebraypicardie.fr\/#\/schema\/person\/048a3a754dfd061999a2ebfed0f0c133"},"headline":"Messe de la moisson 2021 \u00e0 Illois","datePublished":"2021-08-31T20:50:59+00:00","dateModified":"2021-08-31T20:51:00+00:00","mainEntityOfPage":{"@id":"https:\/\/paroisseaumalebraypicardie.fr\/index.php\/2021\/08\/31\/messe-moisson-2021-illois\/"},"wordCount":246,"commentCount":0,"publisher":{"@id":"https:\/\/paroisseaumalebraypicardie.fr\/#organization"},"keywords":["Illois","Messe","messe de la moisson","moisson"],"inLanguage":"fr-FR","potentialAction":[{"@type":"CommentAction","name":"Comment","target":["https:\/\/paroisseaumalebraypicardie.fr\/index.php\/2021\/08\/31\/messe-moisson-2021-illois\/#respond"]}]},{"@type":"WebPage","@id":"https:\/\/paroisseaumalebraypicardie.fr\/index.php\/2021\/08\/31\/messe-moisson-2021-illois\/","url":"https:\/\/paroisseaumalebraypicardie.fr\/index.php\/2021\/08\/31\/messe-moisson-2021-illois\/","name":"Messe de la moisson 2021 \u00e0 Illois - Paroisse Aumale Bray Picardie.fr","isPartOf":{"@id":"https:\/\/paroisseaumalebraypicardie.fr\/#website"},"datePublished":"2021-08-31T20:50:59+00:00","dateModified":"2021-08-31T20:51:00+00:00","description":"Messe de la moisson c\u00e9l\u00e9br\u00e9e \u00e0 Illois le 29 aout 2021 par le p\u00e8re Jean-Claude Varin. Paroisse Aumale Bray Picardie","breadcrumb":{"@id":"https:\/\/paroisseaumalebraypicardie.fr\/index.php\/2021\/08\/31\/messe-moisson-2021-illois\/#breadcrumb"},"inLanguage":"fr-FR","potentialAction":[{"@type":"ReadAction","target":["https:\/\/paroisseaumalebraypicardie.fr\/index.php\/2021\/08\/31\/messe-moisson-2021-illois\/"]}]},{"@type":"BreadcrumbList","@id":"https:\/\/paroisseaumalebraypicardie.fr\/index.php\/2021\/08\/31\/messe-moisson-2021-illois\/#breadcrumb","itemListElement":[{"@type":"ListItem","position":1,"name":"Accueil","item":"https:\/\/paroisseaumalebraypicardie.fr\/"},{"@type":"ListItem","position":2,"name":"Messe de la moisson 2021 \u00e0 Illois"}]},{"@type":"WebSite","@id":"https:\/\/paroisseaumalebraypicardie.fr\/#website","url":"https:\/\/paroisseaumalebraypicardie.fr\/","name":"Paroisse Aumale Bray Picardie.fr","description":"","publisher":{"@id":"https:\/\/paroisseaumalebraypicardie.fr\/#organization"},"potentialAction":[{"@type":"SearchAction","target":{"@type":"EntryPoint","urlTemplate":"https:\/\/paroisseaumalebraypicardie.fr\/?s={search_term_string}"},"query-input":"required name=search_term_string"}],"inLanguage":"fr-FR"},{"@type":"Organization","@id":"https:\/\/paroisseaumalebraypicardie.fr\/#organization","name":"Paroisse Aumale Bray Picardie","url":"https:\/\/paroisseaumalebraypicardie.fr\/","logo":{"@type":"ImageObject","inLanguage":"fr-FR","@id":"https:\/\/paroisseaumalebraypicardie.fr\/#\/schema\/logo\/image\/","url":"https:\/\/i1.wp.com\/paroisseaumalebraypicardie.fr\/wp-content\/uploads\/2020\/01\/img_1256_47985338107_o-scaled.jpg?fit=2560%2C1912","contentUrl":"https:\/\/i1.wp.com\/paroisseaumalebraypicardie.fr\/wp-content\/uploads\/2020\/01\/img_1256_47985338107_o-scaled.jpg?fit=2560%2C1912","width":2560,"height":1912,"caption":"Paroisse Aumale Bray Picardie"},"image":{"@id":"https:\/\/paroisseaumalebraypicardie.fr\/#\/schema\/logo\/image\/"},"sameAs":["https:\/\/www.instagram.com\/paroisseaumalebp\/?hl=fr","https:\/\/www.youtube.com\/channel\/UCdzO2T1JOuFy9b6jaJdSyaQ?view_as=subscriber","https:\/\/www.facebook.com\/Paroisse-dAumale-1052241828150031","https:\/\/twitter.com\/ParoisseABP"]},{"@type":"Person","@id":"https:\/\/paroisseaumalebraypicardie.fr\/#\/schema\/person\/048a3a754dfd061999a2ebfed0f0c133","name":"admin8375","image":{"@type":"ImageObject","inLanguage":"fr-FR","@id":"https:\/\/paroisseaumalebraypicardie.fr\/#\/schema\/person\/image\/","url":"https:\/\/secure.gravatar.com\/avatar\/83a82140e6728d429cb70143cacc8630?s=96&d=mm&r=g","contentUrl":"https:\/\/secure.gravatar.com\/avatar\/83a82140e6728d429cb70143cacc8630?s=96&d=mm&r=g","caption":"admin8375"},"sameAs":["http:\/\/www.paroisseaumalebraypicardie.fr"],"url":"https:\/\/paroisseaumalebraypicardie.fr\/index.php\/author\/admin8375\/"}]}},"jetpack_featured_media_url":"https:\/\/i0.wp.com\/paroisseaumalebraypicardie.fr\/wp-content\/uploads\/2021\/08\/DSC_0601-scaled.jpg?fit=2560%2C1707&ssl=1","jetpack_sharing_enabled":true,"_links":{"self":[{"href":"https:\/\/paroisseaumalebraypicardie.fr\/index.php\/wp-json\/wp\/v2\/posts\/27917"}],"collection":[{"href":"https:\/\/paroisseaumalebraypicardie.fr\/index.php\/wp-json\/wp\/v2\/posts"}],"about":[{"href":"https:\/\/paroisseaumalebraypicardie.fr\/index.php\/wp-json\/wp\/v2\/types\/post"}],"author":[{"embeddable":true,"href":"https:\/\/paroisseaumalebraypicardie.fr\/index.php\/wp-json\/wp\/v2\/users\/1"}],"replies":[{"embeddable":true,"href":"https:\/\/paroisseaumalebraypicardie.fr\/index.php\/wp-json\/wp\/v2\/comments?post=27917"}],"version-history":[{"count":1,"href":"https:\/\/paroisseaumalebraypicardie.fr\/index.php\/wp-json\/wp\/v2\/posts\/27917\/revisions"}],"predecessor-version":[{"id":27926,"href":"https:\/\/paroisseaumalebraypicardie.fr\/index.php\/wp-json\/wp\/v2\/posts\/27917\/revisions\/27926"}],"wp:featuredmedia":[{"embeddable":true,"href":"https:\/\/paroisseaumalebraypicardie.fr\/index.php\/wp-json\/wp\/v2\/media\/27918"}],"wp:attachment":[{"href":"https:\/\/paroisseaumalebraypicardie.fr\/index.php\/wp-json\/wp\/v2\/media?parent=27917"}],"wp:term":[{"taxonomy":"category","embeddable":true,"href":"https:\/\/paroisseaumalebraypicardie.fr\/index.php\/wp-json\/wp\/v2\/categories?post=27917"},{"taxonomy":"post_tag","embeddable":true,"href":"https:\/\/paroisseaumalebraypicardie.fr\/index.php\/wp-json\/wp\/v2\/tags?post=27917"}],"curies":[{"name":"wp","href":"https:\/\/api.w.org\/{rel}","templated":true}]}}