{"id":28023,"date":"2021-09-02T23:31:40","date_gmt":"2021-09-02T21:31:40","guid":{"rendered":"http:\/\/paroisseaumalebraypicardie.fr\/?p=28023"},"modified":"2021-09-02T23:31:41","modified_gmt":"2021-09-02T21:31:41","slug":"saint-guenole-2021","status":"publish","type":"post","link":"https:\/\/paroisseaumalebraypicardie.fr\/index.php\/2021\/09\/02\/saint-guenole-2021\/","title":{"rendered":"Messe de la Saint-Gu\u00e9nol\u00e9 du 29 ao\u00fbt 2021"},"content":{"rendered":"\n<p>Nous sommes heureux de partager avec vous quelques moments de la Messe de la Saint-Gu\u00e9nol\u00e9, c\u00e9l\u00e9br\u00e9e le 29 aout dernier par le P\u00e8re S\u00e9bastien Savarin.<\/p>\n\n\n\n<p>Ce rendez-vous particulier a lieu chaque ann\u00e9e depuis plus de 70ans pour c\u00e9l\u00e9brer la lib\u00e9ration d&rsquo;Aumale et son canton avec les Anciens Combattants.<\/p>\n\n\n\n<p>C&rsquo;est aussi l&rsquo;occasion de retrouver \u00e9galement l&rsquo;Harmonie d&rsquo;Aumale qui cr\u00e9e une ambiance toute particuli\u00e8re pour ce rendez-vous.<\/p>\n\n\n\n<p><\/p>\n\n\n\n<figure class=\"wp-block-embed is-type-video is-provider-youtube wp-block-embed-youtube wp-embed-aspect-16-9 wp-has-aspect-ratio\"><div class=\"wp-block-embed__wrapper\">\n<div class='embed-container'><iframe loading=\"lazy\" title=\"Messe de la Saint-Gu\u00e9nol\u00e9 du 29 ao\u00fbt 2021 \u00e0 Aumale\" width=\"1920\" height=\"1080\" src=\"https:\/\/www.youtube.com\/embed\/aZWghd2VdVk?feature=oembed\" frameborder=\"0\" allow=\"accelerometer; autoplay; clipboard-write; encrypted-media; gyroscope; picture-in-picture\" allowfullscreen><\/iframe><\/div>\n<\/div><\/figure>\n\n\n\n<p>Et&#8230; vous souvenez-vous qui est Saint-Gu\u00e9nol\u00e9 ?<\/p>\n\n\n\n<p>Retrouvez son parcours dans l&rsquo;article que nous lui avions d\u00e9di\u00e9 <a href=\"http:\/\/paroisseaumalebraypicardie.fr\/index.php\/2020\/08\/31\/messe-de-la-saint-guenole-2020\/\">ICI<\/a><\/p>\n\n\n\n<p><\/p>\n\n\n\n<blockquote class=\"wp-block-quote\"><p>\u00d4 Dieu, qui avez accord\u00e9 \u00e0 saint Gu\u00e9nol\u00e9, votre fid\u00e8le serviteur, la gr\u00e2ce de gu\u00e9rir la conjonctivite, je vous prie, par ses m\u00e9rites et son intercession, de me gu\u00e9rir, dans votre mis\u00e9ricorde, de cette affection douloureuse. Au nom du P\u00e8re (T), et du Fils (T), et du Saint-Esprit (T), Ainsi soit-il.<\/p><p><strong>Saint Gu\u00e9nol\u00e9, qui pr\u00e9servez des maladies des yeux et qui gu\u00e9rissez la conjonctivite, priez pour moi qui vous invoque.<\/strong><\/p><cite>Invocation \u00e0 Saint-Gu\u00e9nol\u00e9<\/cite><\/blockquote>\n","protected":false},"excerpt":{"rendered":"<p>Nous sommes heureux de partager avec vous quelques moments de la Messe de la Saint-Gu\u00e9nol\u00e9, c\u00e9l\u00e9br\u00e9e le 29 aout dernier par le P\u00e8re S\u00e9bastien Savarin. Ce rendez-vous particulier a lieu chaque ann\u00e9e depuis plus de 70ans pour c\u00e9l\u00e9brer la lib\u00e9ration d&rsquo;Aumale et son canton avec les Anciens Combattants. C&rsquo;est aussi l&rsquo;occasion de retrouver \u00e9galement l&rsquo;Harmonie&hellip; <br \/> <a class=\"read-more\" href=\"https:\/\/paroisseaumalebraypicardie.fr\/index.php\/2021\/09\/02\/saint-guenole-2021\/\">Lire la suite<\/a><\/p>\n","protected":false},"author":1,"featured_media":0,"comment_status":"open","ping_status":"open","sticky":false,"template":"","format":"standard","meta":{"h5ap_radio_sources":[],"jetpack_post_was_ever_published":false,"_jetpack_newsletter_access":"","_jetpack_dont_email_post_to_subs":false,"_jetpack_newsletter_tier_id":0,"_jetpack_memberships_contains_paywalled_content":false,"footnotes":"","_jetpack_memberships_contains_paid_content":false,"jetpack_publicize_message":"Messe de la Saint-Gu\u00e9nol\u00e9 du 29 ao\u00fbt 2021 \u00e0 Aumale","jetpack_publicize_feature_enabled":true,"jetpack_social_post_already_shared":true,"jetpack_social_options":{"image_generator_settings":{"template":"highway","enabled":false},"version":2}},"categories":[1],"tags":[],"jetpack_publicize_connections":[],"yoast_head":"<!-- This site is optimized with the Yoast SEO plugin v19.13 - https:\/\/yoast.com\/wordpress\/plugins\/seo\/ -->\n<title>Messe de la Saint-Gu\u00e9nol\u00e9 du 29 ao\u00fbt 2021 - Paroisse Aumale Bray Picardie.fr<\/title>\n<meta name=\"description\" content=\"Messe de la Saint-Gu\u00e9nol\u00e9 2021, c\u00e9l\u00e9br\u00e9e par le P\u00e8re S\u00e9bastien Savarin \u00e0 l&#039;occasion de la lib\u00e9ration de la ville d&#039;Aumale et son canton.\" \/>\n<meta name=\"robots\" content=\"index, follow, max-snippet:-1, max-image-preview:large, max-video-preview:-1\" \/>\n<link rel=\"canonical\" href=\"https:\/\/paroisseaumalebraypicardie.fr\/index.php\/2021\/09\/02\/saint-guenole-2021\/\" \/>\n<meta property=\"og:locale\" content=\"fr_FR\" \/>\n<meta property=\"og:type\" content=\"article\" \/>\n<meta property=\"og:title\" content=\"Messe de la Saint-Gu\u00e9nol\u00e9 2021\" \/>\n<meta property=\"og:description\" content=\"Messe de la Saint-Gu\u00e9nol\u00e9 2021, c\u00e9l\u00e9br\u00e9e par le P\u00e8re S\u00e9bastien Savarin \u00e0 l&#039;occasion de la lib\u00e9ration de la ville d&#039;Aumale et son canton.\" \/>\n<meta property=\"og:url\" content=\"https:\/\/paroisseaumalebraypicardie.fr\/index.php\/2021\/09\/02\/saint-guenole-2021\/\" \/>\n<meta property=\"og:site_name\" content=\"Paroisse Aumale Bray Picardie.fr\" \/>\n<meta property=\"article:publisher\" content=\"https:\/\/www.facebook.com\/Paroisse-dAumale-1052241828150031\" \/>\n<meta property=\"article:published_time\" content=\"2021-09-02T21:31:40+00:00\" \/>\n<meta property=\"article:modified_time\" content=\"2021-09-02T21:31:41+00:00\" \/>\n<meta property=\"og:image\" content=\"https:\/\/i0.wp.com\/paroisseaumalebraypicardie.fr\/wp-content\/uploads\/2021\/09\/IMG_5677.jpeg?fit=1588%2C2382&ssl=1\" \/>\n\t<meta property=\"og:image:width\" content=\"1588\" \/>\n\t<meta property=\"og:image:height\" content=\"2382\" \/>\n\t<meta property=\"og:image:type\" content=\"image\/jpeg\" \/>\n<meta name=\"author\" content=\"admin8375\" \/>\n<meta name=\"twitter:card\" content=\"summary_large_image\" \/>\n<meta name=\"twitter:title\" content=\"Messe de la Saint-Gu\u00e9nol\u00e9 \u00e0 Aumale\" \/>\n<meta name=\"twitter:image\" content=\"https:\/\/i0.wp.com\/paroisseaumalebraypicardie.fr\/wp-content\/uploads\/2021\/09\/IMG_5677.jpeg?fit=1588%2C2382&ssl=1\" \/>\n<meta name=\"twitter:creator\" content=\"@ParoisseABP\" \/>\n<meta name=\"twitter:site\" content=\"@ParoisseABP\" \/>\n<meta name=\"twitter:label1\" content=\"\u00c9crit par\" \/>\n\t<meta name=\"twitter:data1\" content=\"admin8375\" \/>\n\t<meta name=\"twitter:label2\" content=\"Dur\u00e9e de lecture estim\u00e9e\" \/>\n\t<meta name=\"twitter:data2\" content=\"1 minute\" \/>\n<script type=\"application\/ld+json\" class=\"yoast-schema-graph\">{\"@context\":\"https:\/\/schema.org\",\"@graph\":[{\"@type\":\"Article\",\"@id\":\"https:\/\/paroisseaumalebraypicardie.fr\/index.php\/2021\/09\/02\/saint-guenole-2021\/#article\",\"isPartOf\":{\"@id\":\"https:\/\/paroisseaumalebraypicardie.fr\/index.php\/2021\/09\/02\/saint-guenole-2021\/\"},\"author\":{\"name\":\"admin8375\",\"@id\":\"https:\/\/paroisseaumalebraypicardie.fr\/#\/schema\/person\/048a3a754dfd061999a2ebfed0f0c133\"},\"headline\":\"Messe de la Saint-Gu\u00e9nol\u00e9 du 29 ao\u00fbt 2021\",\"datePublished\":\"2021-09-02T21:31:40+00:00\",\"dateModified\":\"2021-09-02T21:31:41+00:00\",\"mainEntityOfPage\":{\"@id\":\"https:\/\/paroisseaumalebraypicardie.fr\/index.php\/2021\/09\/02\/saint-guenole-2021\/\"},\"wordCount\":196,\"commentCount\":0,\"publisher\":{\"@id\":\"https:\/\/paroisseaumalebraypicardie.fr\/#organization\"},\"inLanguage\":\"fr-FR\",\"potentialAction\":[{\"@type\":\"CommentAction\",\"name\":\"Comment\",\"target\":[\"https:\/\/paroisseaumalebraypicardie.fr\/index.php\/2021\/09\/02\/saint-guenole-2021\/#respond\"]}]},{\"@type\":\"WebPage\",\"@id\":\"https:\/\/paroisseaumalebraypicardie.fr\/index.php\/2021\/09\/02\/saint-guenole-2021\/\",\"url\":\"https:\/\/paroisseaumalebraypicardie.fr\/index.php\/2021\/09\/02\/saint-guenole-2021\/\",\"name\":\"Messe de la Saint-Gu\u00e9nol\u00e9 du 29 ao\u00fbt 2021 - Paroisse Aumale Bray Picardie.fr\",\"isPartOf\":{\"@id\":\"https:\/\/paroisseaumalebraypicardie.fr\/#website\"},\"datePublished\":\"2021-09-02T21:31:40+00:00\",\"dateModified\":\"2021-09-02T21:31:41+00:00\",\"description\":\"Messe de la Saint-Gu\u00e9nol\u00e9 2021, c\u00e9l\u00e9br\u00e9e par le P\u00e8re S\u00e9bastien Savarin \u00e0 l'occasion de la lib\u00e9ration de la ville d'Aumale et son canton.\",\"breadcrumb\":{\"@id\":\"https:\/\/paroisseaumalebraypicardie.fr\/index.php\/2021\/09\/02\/saint-guenole-2021\/#breadcrumb\"},\"inLanguage\":\"fr-FR\",\"potentialAction\":[{\"@type\":\"ReadAction\",\"target\":[\"https:\/\/paroisseaumalebraypicardie.fr\/index.php\/2021\/09\/02\/saint-guenole-2021\/\"]}]},{\"@type\":\"BreadcrumbList\",\"@id\":\"https:\/\/paroisseaumalebraypicardie.fr\/index.php\/2021\/09\/02\/saint-guenole-2021\/#breadcrumb\",\"itemListElement\":[{\"@type\":\"ListItem\",\"position\":1,\"name\":\"Accueil\",\"item\":\"https:\/\/paroisseaumalebraypicardie.fr\/\"},{\"@type\":\"ListItem\",\"position\":2,\"name\":\"Messe de la Saint-Gu\u00e9nol\u00e9 du 29 ao\u00fbt 2021\"}]},{\"@type\":\"WebSite\",\"@id\":\"https:\/\/paroisseaumalebraypicardie.fr\/#website\",\"url\":\"https:\/\/paroisseaumalebraypicardie.fr\/\",\"name\":\"Paroisse Aumale Bray Picardie.fr\",\"description\":\"\",\"publisher\":{\"@id\":\"https:\/\/paroisseaumalebraypicardie.fr\/#organization\"},\"potentialAction\":[{\"@type\":\"SearchAction\",\"target\":{\"@type\":\"EntryPoint\",\"urlTemplate\":\"https:\/\/paroisseaumalebraypicardie.fr\/?s={search_term_string}\"},\"query-input\":\"required name=search_term_string\"}],\"inLanguage\":\"fr-FR\"},{\"@type\":\"Organization\",\"@id\":\"https:\/\/paroisseaumalebraypicardie.fr\/#organization\",\"name\":\"Paroisse Aumale Bray Picardie\",\"url\":\"https:\/\/paroisseaumalebraypicardie.fr\/\",\"logo\":{\"@type\":\"ImageObject\",\"inLanguage\":\"fr-FR\",\"@id\":\"https:\/\/paroisseaumalebraypicardie.fr\/#\/schema\/logo\/image\/\",\"url\":\"https:\/\/i1.wp.com\/paroisseaumalebraypicardie.fr\/wp-content\/uploads\/2020\/01\/img_1256_47985338107_o-scaled.jpg?fit=2560%2C1912\",\"contentUrl\":\"https:\/\/i1.wp.com\/paroisseaumalebraypicardie.fr\/wp-content\/uploads\/2020\/01\/img_1256_47985338107_o-scaled.jpg?fit=2560%2C1912\",\"width\":2560,\"height\":1912,\"caption\":\"Paroisse Aumale Bray Picardie\"},\"image\":{\"@id\":\"https:\/\/paroisseaumalebraypicardie.fr\/#\/schema\/logo\/image\/\"},\"sameAs\":[\"https:\/\/www.instagram.com\/paroisseaumalebp\/?hl=fr\",\"https:\/\/www.youtube.com\/channel\/UCdzO2T1JOuFy9b6jaJdSyaQ?view_as=subscriber\",\"https:\/\/www.facebook.com\/Paroisse-dAumale-1052241828150031\",\"https:\/\/twitter.com\/ParoisseABP\"]},{\"@type\":\"Person\",\"@id\":\"https:\/\/paroisseaumalebraypicardie.fr\/#\/schema\/person\/048a3a754dfd061999a2ebfed0f0c133\",\"name\":\"admin8375\",\"image\":{\"@type\":\"ImageObject\",\"inLanguage\":\"fr-FR\",\"@id\":\"https:\/\/paroisseaumalebraypicardie.fr\/#\/schema\/person\/image\/\",\"url\":\"https:\/\/secure.gravatar.com\/avatar\/83a82140e6728d429cb70143cacc8630?s=96&d=mm&r=g\",\"contentUrl\":\"https:\/\/secure.gravatar.com\/avatar\/83a82140e6728d429cb70143cacc8630?s=96&d=mm&r=g\",\"caption\":\"admin8375\"},\"sameAs\":[\"http:\/\/www.paroisseaumalebraypicardie.fr\"],\"url\":\"https:\/\/paroisseaumalebraypicardie.fr\/index.php\/author\/admin8375\/\"}]}<\/script>\n<!-- \/ Yoast SEO plugin. -->","yoast_head_json":{"title":"Messe de la Saint-Gu\u00e9nol\u00e9 du 29 ao\u00fbt 2021 - Paroisse Aumale Bray Picardie.fr","description":"Messe de la Saint-Gu\u00e9nol\u00e9 2021, c\u00e9l\u00e9br\u00e9e par le P\u00e8re S\u00e9bastien Savarin \u00e0 l'occasion de la lib\u00e9ration de la ville d'Aumale et son canton.","robots":{"index":"index","follow":"follow","max-snippet":"max-snippet:-1","max-image-preview":"max-image-preview:large","max-video-preview":"max-video-preview:-1"},"canonical":"https:\/\/paroisseaumalebraypicardie.fr\/index.php\/2021\/09\/02\/saint-guenole-2021\/","og_locale":"fr_FR","og_type":"article","og_title":"Messe de la Saint-Gu\u00e9nol\u00e9 2021","og_description":"Messe de la Saint-Gu\u00e9nol\u00e9 2021, c\u00e9l\u00e9br\u00e9e par le P\u00e8re S\u00e9bastien Savarin \u00e0 l'occasion de la lib\u00e9ration de la ville d'Aumale et son canton.","og_url":"https:\/\/paroisseaumalebraypicardie.fr\/index.php\/2021\/09\/02\/saint-guenole-2021\/","og_site_name":"Paroisse Aumale Bray Picardie.fr","article_publisher":"https:\/\/www.facebook.com\/Paroisse-dAumale-1052241828150031","article_published_time":"2021-09-02T21:31:40+00:00","article_modified_time":"2021-09-02T21:31:41+00:00","og_image":[{"width":1588,"height":2382,"url":"https:\/\/i0.wp.com\/paroisseaumalebraypicardie.fr\/wp-content\/uploads\/2021\/09\/IMG_5677.jpeg?fit=1588%2C2382&ssl=1","type":"image\/jpeg"}],"author":"admin8375","twitter_card":"summary_large_image","twitter_title":"Messe de la Saint-Gu\u00e9nol\u00e9 \u00e0 Aumale","twitter_image":"https:\/\/i0.wp.com\/paroisseaumalebraypicardie.fr\/wp-content\/uploads\/2021\/09\/IMG_5677.jpeg?fit=1588%2C2382&ssl=1","twitter_creator":"@ParoisseABP","twitter_site":"@ParoisseABP","twitter_misc":{"\u00c9crit par":"admin8375","Dur\u00e9e de lecture estim\u00e9e":"1 minute"},"schema":{"@context":"https:\/\/schema.org","@graph":[{"@type":"Article","@id":"https:\/\/paroisseaumalebraypicardie.fr\/index.php\/2021\/09\/02\/saint-guenole-2021\/#article","isPartOf":{"@id":"https:\/\/paroisseaumalebraypicardie.fr\/index.php\/2021\/09\/02\/saint-guenole-2021\/"},"author":{"name":"admin8375","@id":"https:\/\/paroisseaumalebraypicardie.fr\/#\/schema\/person\/048a3a754dfd061999a2ebfed0f0c133"},"headline":"Messe de la Saint-Gu\u00e9nol\u00e9 du 29 ao\u00fbt 2021","datePublished":"2021-09-02T21:31:40+00:00","dateModified":"2021-09-02T21:31:41+00:00","mainEntityOfPage":{"@id":"https:\/\/paroisseaumalebraypicardie.fr\/index.php\/2021\/09\/02\/saint-guenole-2021\/"},"wordCount":196,"commentCount":0,"publisher":{"@id":"https:\/\/paroisseaumalebraypicardie.fr\/#organization"},"inLanguage":"fr-FR","potentialAction":[{"@type":"CommentAction","name":"Comment","target":["https:\/\/paroisseaumalebraypicardie.fr\/index.php\/2021\/09\/02\/saint-guenole-2021\/#respond"]}]},{"@type":"WebPage","@id":"https:\/\/paroisseaumalebraypicardie.fr\/index.php\/2021\/09\/02\/saint-guenole-2021\/","url":"https:\/\/paroisseaumalebraypicardie.fr\/index.php\/2021\/09\/02\/saint-guenole-2021\/","name":"Messe de la Saint-Gu\u00e9nol\u00e9 du 29 ao\u00fbt 2021 - Paroisse Aumale Bray Picardie.fr","isPartOf":{"@id":"https:\/\/paroisseaumalebraypicardie.fr\/#website"},"datePublished":"2021-09-02T21:31:40+00:00","dateModified":"2021-09-02T21:31:41+00:00","description":"Messe de la Saint-Gu\u00e9nol\u00e9 2021, c\u00e9l\u00e9br\u00e9e par le P\u00e8re S\u00e9bastien Savarin \u00e0 l'occasion de la lib\u00e9ration de la ville d'Aumale et son canton.","breadcrumb":{"@id":"https:\/\/paroisseaumalebraypicardie.fr\/index.php\/2021\/09\/02\/saint-guenole-2021\/#breadcrumb"},"inLanguage":"fr-FR","potentialAction":[{"@type":"ReadAction","target":["https:\/\/paroisseaumalebraypicardie.fr\/index.php\/2021\/09\/02\/saint-guenole-2021\/"]}]},{"@type":"BreadcrumbList","@id":"https:\/\/paroisseaumalebraypicardie.fr\/index.php\/2021\/09\/02\/saint-guenole-2021\/#breadcrumb","itemListElement":[{"@type":"ListItem","position":1,"name":"Accueil","item":"https:\/\/paroisseaumalebraypicardie.fr\/"},{"@type":"ListItem","position":2,"name":"Messe de la Saint-Gu\u00e9nol\u00e9 du 29 ao\u00fbt 2021"}]},{"@type":"WebSite","@id":"https:\/\/paroisseaumalebraypicardie.fr\/#website","url":"https:\/\/paroisseaumalebraypicardie.fr\/","name":"Paroisse Aumale Bray Picardie.fr","description":"","publisher":{"@id":"https:\/\/paroisseaumalebraypicardie.fr\/#organization"},"potentialAction":[{"@type":"SearchAction","target":{"@type":"EntryPoint","urlTemplate":"https:\/\/paroisseaumalebraypicardie.fr\/?s={search_term_string}"},"query-input":"required name=search_term_string"}],"inLanguage":"fr-FR"},{"@type":"Organization","@id":"https:\/\/paroisseaumalebraypicardie.fr\/#organization","name":"Paroisse Aumale Bray Picardie","url":"https:\/\/paroisseaumalebraypicardie.fr\/","logo":{"@type":"ImageObject","inLanguage":"fr-FR","@id":"https:\/\/paroisseaumalebraypicardie.fr\/#\/schema\/logo\/image\/","url":"https:\/\/i1.wp.com\/paroisseaumalebraypicardie.fr\/wp-content\/uploads\/2020\/01\/img_1256_47985338107_o-scaled.jpg?fit=2560%2C1912","contentUrl":"https:\/\/i1.wp.com\/paroisseaumalebraypicardie.fr\/wp-content\/uploads\/2020\/01\/img_1256_47985338107_o-scaled.jpg?fit=2560%2C1912","width":2560,"height":1912,"caption":"Paroisse Aumale Bray Picardie"},"image":{"@id":"https:\/\/paroisseaumalebraypicardie.fr\/#\/schema\/logo\/image\/"},"sameAs":["https:\/\/www.instagram.com\/paroisseaumalebp\/?hl=fr","https:\/\/www.youtube.com\/channel\/UCdzO2T1JOuFy9b6jaJdSyaQ?view_as=subscriber","https:\/\/www.facebook.com\/Paroisse-dAumale-1052241828150031","https:\/\/twitter.com\/ParoisseABP"]},{"@type":"Person","@id":"https:\/\/paroisseaumalebraypicardie.fr\/#\/schema\/person\/048a3a754dfd061999a2ebfed0f0c133","name":"admin8375","image":{"@type":"ImageObject","inLanguage":"fr-FR","@id":"https:\/\/paroisseaumalebraypicardie.fr\/#\/schema\/person\/image\/","url":"https:\/\/secure.gravatar.com\/avatar\/83a82140e6728d429cb70143cacc8630?s=96&d=mm&r=g","contentUrl":"https:\/\/secure.gravatar.com\/avatar\/83a82140e6728d429cb70143cacc8630?s=96&d=mm&r=g","caption":"admin8375"},"sameAs":["http:\/\/www.paroisseaumalebraypicardie.fr"],"url":"https:\/\/paroisseaumalebraypicardie.fr\/index.php\/author\/admin8375\/"}]}},"jetpack_featured_media_url":"","jetpack_sharing_enabled":true,"_links":{"self":[{"href":"https:\/\/paroisseaumalebraypicardie.fr\/index.php\/wp-json\/wp\/v2\/posts\/28023"}],"collection":[{"href":"https:\/\/paroisseaumalebraypicardie.fr\/index.php\/wp-json\/wp\/v2\/posts"}],"about":[{"href":"https:\/\/paroisseaumalebraypicardie.fr\/index.php\/wp-json\/wp\/v2\/types\/post"}],"author":[{"embeddable":true,"href":"https:\/\/paroisseaumalebraypicardie.fr\/index.php\/wp-json\/wp\/v2\/users\/1"}],"replies":[{"embeddable":true,"href":"https:\/\/paroisseaumalebraypicardie.fr\/index.php\/wp-json\/wp\/v2\/comments?post=28023"}],"version-history":[{"count":2,"href":"https:\/\/paroisseaumalebraypicardie.fr\/index.php\/wp-json\/wp\/v2\/posts\/28023\/revisions"}],"predecessor-version":[{"id":28026,"href":"https:\/\/paroisseaumalebraypicardie.fr\/index.php\/wp-json\/wp\/v2\/posts\/28023\/revisions\/28026"}],"wp:attachment":[{"href":"https:\/\/paroisseaumalebraypicardie.fr\/index.php\/wp-json\/wp\/v2\/media?parent=28023"}],"wp:term":[{"taxonomy":"category","embeddable":true,"href":"https:\/\/paroisseaumalebraypicardie.fr\/index.php\/wp-json\/wp\/v2\/categories?post=28023"},{"taxonomy":"post_tag","embeddable":true,"href":"https:\/\/paroisseaumalebraypicardie.fr\/index.php\/wp-json\/wp\/v2\/tags?post=28023"}],"curies":[{"name":"wp","href":"https:\/\/api.w.org\/{rel}","templated":true}]}}