{"id":4254,"date":"2020-05-31T13:33:07","date_gmt":"2020-05-31T11:33:07","guid":{"rendered":"http:\/\/paroisseaumalebraypicardie.fr\/?p=4254"},"modified":"2020-09-20T19:35:38","modified_gmt":"2020-09-20T17:35:38","slug":"messe-de-pentecote-2020","status":"publish","type":"post","link":"https:\/\/paroisseaumalebraypicardie.fr\/index.php\/2020\/05\/31\/messe-de-pentecote-2020\/","title":{"rendered":"Messe de Pentec\u00f4te 2020"},"content":{"rendered":"\n<div class=\"wp-block-jetpack-tiled-gallery aligncenter is-style-rectangular\"><div class=\"tiled-gallery__gallery\"><div class=\"tiled-gallery__row\"><div class=\"tiled-gallery__col\" style=\"flex-basis:53.16513048881525%\"><figure class=\"tiled-gallery__item\"><img decoding=\"async\" srcset=\"https:\/\/i1.wp.com\/paroisseaumalebraypicardie.fr\/wp-content\/uploads\/2020\/05\/IMG_8912-scaled.jpeg?strip=info&#038;w=600 600w,https:\/\/i1.wp.com\/paroisseaumalebraypicardie.fr\/wp-content\/uploads\/2020\/05\/IMG_8912-scaled.jpeg?strip=info&#038;w=900 900w,https:\/\/i1.wp.com\/paroisseaumalebraypicardie.fr\/wp-content\/uploads\/2020\/05\/IMG_8912-scaled.jpeg?strip=info&#038;w=1200 1200w,https:\/\/i1.wp.com\/paroisseaumalebraypicardie.fr\/wp-content\/uploads\/2020\/05\/IMG_8912-scaled.jpeg?strip=info&#038;w=1500 1500w,https:\/\/i1.wp.com\/paroisseaumalebraypicardie.fr\/wp-content\/uploads\/2020\/05\/IMG_8912-scaled.jpeg?strip=info&#038;w=1800 1800w,https:\/\/i1.wp.com\/paroisseaumalebraypicardie.fr\/wp-content\/uploads\/2020\/05\/IMG_8912-scaled.jpeg?strip=info&#038;w=1920 1920w\" alt=\"\" data-height=\"2560\" data-id=\"4255\" data-link=\"http:\/\/paroisseaumalebraypicardie.fr\/?attachment_id=4255\" data-url=\"http:\/\/paroisseaumalebraypicardie.fr\/wp-content\/uploads\/2020\/05\/IMG_8912-scaled.jpeg\" data-width=\"1920\" src=\"https:\/\/i1.wp.com\/paroisseaumalebraypicardie.fr\/wp-content\/uploads\/2020\/05\/IMG_8912-scaled.jpeg\" layout=\"responsive\"\/><\/figure><\/div><div class=\"tiled-gallery__col\" style=\"flex-basis:46.83486951118475%\"><figure class=\"tiled-gallery__item\"><img decoding=\"async\" srcset=\"https:\/\/i2.wp.com\/paroisseaumalebraypicardie.fr\/wp-content\/uploads\/2020\/05\/IMG_8911-scaled.jpeg?strip=info&#038;w=600 600w,https:\/\/i2.wp.com\/paroisseaumalebraypicardie.fr\/wp-content\/uploads\/2020\/05\/IMG_8911-scaled.jpeg?strip=info&#038;w=900 900w,https:\/\/i2.wp.com\/paroisseaumalebraypicardie.fr\/wp-content\/uploads\/2020\/05\/IMG_8911-scaled.jpeg?strip=info&#038;w=1200 1200w,https:\/\/i2.wp.com\/paroisseaumalebraypicardie.fr\/wp-content\/uploads\/2020\/05\/IMG_8911-scaled.jpeg?strip=info&#038;w=1500 1500w,https:\/\/i2.wp.com\/paroisseaumalebraypicardie.fr\/wp-content\/uploads\/2020\/05\/IMG_8911-scaled.jpeg?strip=info&#038;w=1800 1800w,https:\/\/i2.wp.com\/paroisseaumalebraypicardie.fr\/wp-content\/uploads\/2020\/05\/IMG_8911-scaled.jpeg?strip=info&#038;w=2000 2000w\" alt=\"\" data-height=\"1920\" data-id=\"4256\" data-link=\"http:\/\/paroisseaumalebraypicardie.fr\/?attachment_id=4256\" data-url=\"http:\/\/paroisseaumalebraypicardie.fr\/wp-content\/uploads\/2020\/05\/IMG_8911-scaled.jpeg\" data-width=\"2560\" src=\"https:\/\/i2.wp.com\/paroisseaumalebraypicardie.fr\/wp-content\/uploads\/2020\/05\/IMG_8911-scaled.jpeg\" layout=\"responsive\"\/><\/figure><figure class=\"tiled-gallery__item\"><img decoding=\"async\" srcset=\"https:\/\/i1.wp.com\/paroisseaumalebraypicardie.fr\/wp-content\/uploads\/2020\/05\/IMG_8910-scaled.jpeg?strip=info&#038;w=600 600w,https:\/\/i1.wp.com\/paroisseaumalebraypicardie.fr\/wp-content\/uploads\/2020\/05\/IMG_8910-scaled.jpeg?strip=info&#038;w=900 900w,https:\/\/i1.wp.com\/paroisseaumalebraypicardie.fr\/wp-content\/uploads\/2020\/05\/IMG_8910-scaled.jpeg?strip=info&#038;w=1200 1200w,https:\/\/i1.wp.com\/paroisseaumalebraypicardie.fr\/wp-content\/uploads\/2020\/05\/IMG_8910-scaled.jpeg?strip=info&#038;w=1500 1500w,https:\/\/i1.wp.com\/paroisseaumalebraypicardie.fr\/wp-content\/uploads\/2020\/05\/IMG_8910-scaled.jpeg?strip=info&#038;w=1800 1800w,https:\/\/i1.wp.com\/paroisseaumalebraypicardie.fr\/wp-content\/uploads\/2020\/05\/IMG_8910-scaled.jpeg?strip=info&#038;w=2000 2000w\" alt=\"\" data-height=\"1920\" data-id=\"4257\" data-link=\"http:\/\/paroisseaumalebraypicardie.fr\/?attachment_id=4257\" data-url=\"http:\/\/paroisseaumalebraypicardie.fr\/wp-content\/uploads\/2020\/05\/IMG_8910-scaled.jpeg\" data-width=\"2560\" src=\"https:\/\/i1.wp.com\/paroisseaumalebraypicardie.fr\/wp-content\/uploads\/2020\/05\/IMG_8910-scaled.jpeg\" layout=\"responsive\"\/><\/figure><\/div><\/div><div class=\"tiled-gallery__row\"><div class=\"tiled-gallery__col\" style=\"flex-basis:36.05134976525821%\"><figure class=\"tiled-gallery__item\"><img decoding=\"async\" srcset=\"https:\/\/i2.wp.com\/paroisseaumalebraypicardie.fr\/wp-content\/uploads\/2020\/05\/IMG_8913-scaled.jpeg?strip=info&#038;w=600 600w,https:\/\/i2.wp.com\/paroisseaumalebraypicardie.fr\/wp-content\/uploads\/2020\/05\/IMG_8913-scaled.jpeg?strip=info&#038;w=900 900w,https:\/\/i2.wp.com\/paroisseaumalebraypicardie.fr\/wp-content\/uploads\/2020\/05\/IMG_8913-scaled.jpeg?strip=info&#038;w=1200 1200w,https:\/\/i2.wp.com\/paroisseaumalebraypicardie.fr\/wp-content\/uploads\/2020\/05\/IMG_8913-scaled.jpeg?strip=info&#038;w=1500 1500w,https:\/\/i2.wp.com\/paroisseaumalebraypicardie.fr\/wp-content\/uploads\/2020\/05\/IMG_8913-scaled.jpeg?strip=info&#038;w=1800 1800w,https:\/\/i2.wp.com\/paroisseaumalebraypicardie.fr\/wp-content\/uploads\/2020\/05\/IMG_8913-scaled.jpeg?strip=info&#038;w=1920 1920w\" alt=\"\" data-height=\"2560\" data-id=\"4258\" data-link=\"http:\/\/paroisseaumalebraypicardie.fr\/?attachment_id=4258\" data-url=\"http:\/\/paroisseaumalebraypicardie.fr\/wp-content\/uploads\/2020\/05\/IMG_8913-scaled.jpeg\" data-width=\"1920\" src=\"https:\/\/i2.wp.com\/paroisseaumalebraypicardie.fr\/wp-content\/uploads\/2020\/05\/IMG_8913-scaled.jpeg\" layout=\"responsive\"\/><\/figure><\/div><div class=\"tiled-gallery__col\" style=\"flex-basis:63.94865023474179%\"><figure class=\"tiled-gallery__item\"><img decoding=\"async\" srcset=\"https:\/\/i1.wp.com\/paroisseaumalebraypicardie.fr\/wp-content\/uploads\/2020\/05\/IMG_8909-scaled.jpeg?strip=info&#038;w=600 600w,https:\/\/i1.wp.com\/paroisseaumalebraypicardie.fr\/wp-content\/uploads\/2020\/05\/IMG_8909-scaled.jpeg?strip=info&#038;w=900 900w,https:\/\/i1.wp.com\/paroisseaumalebraypicardie.fr\/wp-content\/uploads\/2020\/05\/IMG_8909-scaled.jpeg?strip=info&#038;w=1200 1200w,https:\/\/i1.wp.com\/paroisseaumalebraypicardie.fr\/wp-content\/uploads\/2020\/05\/IMG_8909-scaled.jpeg?strip=info&#038;w=1500 1500w,https:\/\/i1.wp.com\/paroisseaumalebraypicardie.fr\/wp-content\/uploads\/2020\/05\/IMG_8909-scaled.jpeg?strip=info&#038;w=1800 1800w,https:\/\/i1.wp.com\/paroisseaumalebraypicardie.fr\/wp-content\/uploads\/2020\/05\/IMG_8909-scaled.jpeg?strip=info&#038;w=2000 2000w\" alt=\"\" data-height=\"1920\" data-id=\"4259\" data-link=\"http:\/\/paroisseaumalebraypicardie.fr\/?attachment_id=4259\" data-url=\"http:\/\/paroisseaumalebraypicardie.fr\/wp-content\/uploads\/2020\/05\/IMG_8909-scaled.jpeg\" data-width=\"2560\" src=\"https:\/\/i1.wp.com\/paroisseaumalebraypicardie.fr\/wp-content\/uploads\/2020\/05\/IMG_8909-scaled.jpeg\" layout=\"responsive\"\/><\/figure><\/div><\/div><\/div><\/div>\n\n\n\n<p>Quelques photos pour se souvenir de cette messe de Pentec\u00f4te pas comme les autres. La possibilit\u00e9 de se retrouver en prenant soin de soi et de chacun.<\/p>\n\n\n\n<p>Retrouvez tous les horaires des prochains Offices sur le <a href=\"http:\/\/paroisseaumalebraypicardie.fr\">site.<\/a><\/p>\n\n\n\n<p class=\"has-vivid-cyan-blue-color has-text-color\"><strong>All\u00e9luia. All\u00e9luia.\u00a0<\/strong><br>Viens, Esprit Saint\u00a0!<br>Emplis le c\u0153ur de tes fid\u00e8les\u00a0!<br>Allume en eux le feu de ton amour\u00a0!<br><strong>All\u00e9luia.<\/strong><\/p>\n\n\n\n<p><\/p>\n\n\n\n<p><span class=\"has-inline-color has-white-color\">Messe de Pentec\u00f4te \u00e0 Aumale<\/span><\/p>\n","protected":false},"excerpt":{"rendered":"<p>Quelques photos pour se souvenir de cette messe de Pentec\u00f4te pas comme les autres. La possibilit\u00e9 de se retrouver en prenant soin de soi et de chacun. Retrouvez tous les horaires des prochains Offices sur le site. All\u00e9luia. All\u00e9luia.\u00a0Viens, Esprit Saint\u00a0!Emplis le c\u0153ur de tes fid\u00e8les\u00a0!Allume en eux le feu de ton amour\u00a0!All\u00e9luia. Messe de&hellip; <br \/> <a class=\"read-more\" href=\"https:\/\/paroisseaumalebraypicardie.fr\/index.php\/2020\/05\/31\/messe-de-pentecote-2020\/\">Lire la suite<\/a><\/p>\n","protected":false},"author":1,"featured_media":4255,"comment_status":"open","ping_status":"open","sticky":false,"template":"","format":"standard","meta":{"h5ap_radio_sources":[],"jetpack_post_was_ever_published":false,"_jetpack_newsletter_access":"","_jetpack_dont_email_post_to_subs":false,"_jetpack_newsletter_tier_id":0,"_jetpack_memberships_contains_paywalled_content":false,"footnotes":"","_jetpack_memberships_contains_paid_content":false,"jetpack_publicize_message":"","jetpack_publicize_feature_enabled":true,"jetpack_social_post_already_shared":true,"jetpack_social_options":{"image_generator_settings":{"template":"highway","enabled":false},"version":2}},"categories":[8],"tags":[14,13,45],"jetpack_publicize_connections":[],"yoast_head":"<!-- This site is optimized with the Yoast SEO plugin v19.13 - https:\/\/yoast.com\/wordpress\/plugins\/seo\/ -->\n<title>Messe de Pentec\u00f4te 2020 - Paroisse Aumale Bray Picardie.fr<\/title>\n<meta name=\"description\" content=\"Site de la paroisse Aumale Bray Picardie - Dioc\u00e8se de Rouen Normandie - Retrouvez ici les horaires des messes, et toutes les informations li\u00e9es aux animations, l&#039;histoire de notre Paroisse Etc...\" \/>\n<meta name=\"robots\" content=\"index, follow, max-snippet:-1, max-image-preview:large, max-video-preview:-1\" \/>\n<link rel=\"canonical\" href=\"https:\/\/paroisseaumalebraypicardie.fr\/index.php\/2020\/05\/31\/messe-de-pentecote-2020\/\" \/>\n<meta property=\"og:locale\" content=\"fr_FR\" \/>\n<meta property=\"og:type\" content=\"article\" \/>\n<meta property=\"og:title\" content=\"Messe de Pentec\u00f4te 2020 - Paroisse Aumale Bray Picardie.fr\" \/>\n<meta property=\"og:description\" content=\"Site de la paroisse Aumale Bray Picardie - Dioc\u00e8se de Rouen Normandie - Retrouvez ici les horaires des messes, et toutes les informations li\u00e9es aux animations, l&#039;histoire de notre Paroisse Etc...\" \/>\n<meta property=\"og:url\" content=\"https:\/\/paroisseaumalebraypicardie.fr\/index.php\/2020\/05\/31\/messe-de-pentecote-2020\/\" \/>\n<meta property=\"og:site_name\" content=\"Paroisse Aumale Bray Picardie.fr\" \/>\n<meta property=\"article:publisher\" content=\"https:\/\/www.facebook.com\/Paroisse-dAumale-1052241828150031\" \/>\n<meta property=\"article:published_time\" content=\"2020-05-31T11:33:07+00:00\" \/>\n<meta property=\"article:modified_time\" content=\"2020-09-20T17:35:38+00:00\" \/>\n<meta property=\"og:image\" content=\"https:\/\/i0.wp.com\/paroisseaumalebraypicardie.fr\/wp-content\/uploads\/2020\/05\/IMG_8912-scaled.jpeg?fit=1920%2C2560&ssl=1\" \/>\n\t<meta property=\"og:image:width\" content=\"1920\" \/>\n\t<meta property=\"og:image:height\" content=\"2560\" \/>\n\t<meta property=\"og:image:type\" content=\"image\/jpeg\" \/>\n<meta name=\"author\" content=\"admin8375\" \/>\n<meta name=\"twitter:card\" content=\"summary_large_image\" \/>\n<meta name=\"twitter:creator\" content=\"@ParoisseABP\" \/>\n<meta name=\"twitter:site\" content=\"@ParoisseABP\" \/>\n<meta name=\"twitter:label1\" content=\"\u00c9crit par\" \/>\n\t<meta name=\"twitter:data1\" content=\"admin8375\" \/>\n<script type=\"application\/ld+json\" class=\"yoast-schema-graph\">{\"@context\":\"https:\/\/schema.org\",\"@graph\":[{\"@type\":\"Article\",\"@id\":\"https:\/\/paroisseaumalebraypicardie.fr\/index.php\/2020\/05\/31\/messe-de-pentecote-2020\/#article\",\"isPartOf\":{\"@id\":\"https:\/\/paroisseaumalebraypicardie.fr\/index.php\/2020\/05\/31\/messe-de-pentecote-2020\/\"},\"author\":{\"name\":\"admin8375\",\"@id\":\"https:\/\/paroisseaumalebraypicardie.fr\/#\/schema\/person\/048a3a754dfd061999a2ebfed0f0c133\"},\"headline\":\"Messe de Pentec\u00f4te 2020\",\"datePublished\":\"2020-05-31T11:33:07+00:00\",\"dateModified\":\"2020-09-20T17:35:38+00:00\",\"mainEntityOfPage\":{\"@id\":\"https:\/\/paroisseaumalebraypicardie.fr\/index.php\/2020\/05\/31\/messe-de-pentecote-2020\/\"},\"wordCount\":72,\"commentCount\":0,\"publisher\":{\"@id\":\"https:\/\/paroisseaumalebraypicardie.fr\/#organization\"},\"keywords\":[\"aumale\",\"Messe\",\"Pentec\u00f4te\"],\"articleSection\":[\"Messe\"],\"inLanguage\":\"fr-FR\",\"potentialAction\":[{\"@type\":\"CommentAction\",\"name\":\"Comment\",\"target\":[\"https:\/\/paroisseaumalebraypicardie.fr\/index.php\/2020\/05\/31\/messe-de-pentecote-2020\/#respond\"]}]},{\"@type\":\"WebPage\",\"@id\":\"https:\/\/paroisseaumalebraypicardie.fr\/index.php\/2020\/05\/31\/messe-de-pentecote-2020\/\",\"url\":\"https:\/\/paroisseaumalebraypicardie.fr\/index.php\/2020\/05\/31\/messe-de-pentecote-2020\/\",\"name\":\"Messe de Pentec\u00f4te 2020 - Paroisse Aumale Bray Picardie.fr\",\"isPartOf\":{\"@id\":\"https:\/\/paroisseaumalebraypicardie.fr\/#website\"},\"datePublished\":\"2020-05-31T11:33:07+00:00\",\"dateModified\":\"2020-09-20T17:35:38+00:00\",\"description\":\"Site de la paroisse Aumale Bray Picardie - Dioc\u00e8se de Rouen Normandie - Retrouvez ici les horaires des messes, et toutes les informations li\u00e9es aux animations, l'histoire de notre Paroisse Etc...\",\"breadcrumb\":{\"@id\":\"https:\/\/paroisseaumalebraypicardie.fr\/index.php\/2020\/05\/31\/messe-de-pentecote-2020\/#breadcrumb\"},\"inLanguage\":\"fr-FR\",\"potentialAction\":[{\"@type\":\"ReadAction\",\"target\":[\"https:\/\/paroisseaumalebraypicardie.fr\/index.php\/2020\/05\/31\/messe-de-pentecote-2020\/\"]}]},{\"@type\":\"BreadcrumbList\",\"@id\":\"https:\/\/paroisseaumalebraypicardie.fr\/index.php\/2020\/05\/31\/messe-de-pentecote-2020\/#breadcrumb\",\"itemListElement\":[{\"@type\":\"ListItem\",\"position\":1,\"name\":\"Accueil\",\"item\":\"https:\/\/paroisseaumalebraypicardie.fr\/\"},{\"@type\":\"ListItem\",\"position\":2,\"name\":\"Messe de Pentec\u00f4te 2020\"}]},{\"@type\":\"WebSite\",\"@id\":\"https:\/\/paroisseaumalebraypicardie.fr\/#website\",\"url\":\"https:\/\/paroisseaumalebraypicardie.fr\/\",\"name\":\"Paroisse Aumale Bray Picardie.fr\",\"description\":\"\",\"publisher\":{\"@id\":\"https:\/\/paroisseaumalebraypicardie.fr\/#organization\"},\"potentialAction\":[{\"@type\":\"SearchAction\",\"target\":{\"@type\":\"EntryPoint\",\"urlTemplate\":\"https:\/\/paroisseaumalebraypicardie.fr\/?s={search_term_string}\"},\"query-input\":\"required name=search_term_string\"}],\"inLanguage\":\"fr-FR\"},{\"@type\":\"Organization\",\"@id\":\"https:\/\/paroisseaumalebraypicardie.fr\/#organization\",\"name\":\"Paroisse Aumale Bray Picardie\",\"url\":\"https:\/\/paroisseaumalebraypicardie.fr\/\",\"logo\":{\"@type\":\"ImageObject\",\"inLanguage\":\"fr-FR\",\"@id\":\"https:\/\/paroisseaumalebraypicardie.fr\/#\/schema\/logo\/image\/\",\"url\":\"https:\/\/i1.wp.com\/paroisseaumalebraypicardie.fr\/wp-content\/uploads\/2020\/01\/img_1256_47985338107_o-scaled.jpg?fit=2560%2C1912\",\"contentUrl\":\"https:\/\/i1.wp.com\/paroisseaumalebraypicardie.fr\/wp-content\/uploads\/2020\/01\/img_1256_47985338107_o-scaled.jpg?fit=2560%2C1912\",\"width\":2560,\"height\":1912,\"caption\":\"Paroisse Aumale Bray Picardie\"},\"image\":{\"@id\":\"https:\/\/paroisseaumalebraypicardie.fr\/#\/schema\/logo\/image\/\"},\"sameAs\":[\"https:\/\/www.instagram.com\/paroisseaumalebp\/?hl=fr\",\"https:\/\/www.youtube.com\/channel\/UCdzO2T1JOuFy9b6jaJdSyaQ?view_as=subscriber\",\"https:\/\/www.facebook.com\/Paroisse-dAumale-1052241828150031\",\"https:\/\/twitter.com\/ParoisseABP\"]},{\"@type\":\"Person\",\"@id\":\"https:\/\/paroisseaumalebraypicardie.fr\/#\/schema\/person\/048a3a754dfd061999a2ebfed0f0c133\",\"name\":\"admin8375\",\"image\":{\"@type\":\"ImageObject\",\"inLanguage\":\"fr-FR\",\"@id\":\"https:\/\/paroisseaumalebraypicardie.fr\/#\/schema\/person\/image\/\",\"url\":\"https:\/\/secure.gravatar.com\/avatar\/83a82140e6728d429cb70143cacc8630?s=96&d=mm&r=g\",\"contentUrl\":\"https:\/\/secure.gravatar.com\/avatar\/83a82140e6728d429cb70143cacc8630?s=96&d=mm&r=g\",\"caption\":\"admin8375\"},\"sameAs\":[\"http:\/\/www.paroisseaumalebraypicardie.fr\"],\"url\":\"https:\/\/paroisseaumalebraypicardie.fr\/index.php\/author\/admin8375\/\"}]}<\/script>\n<!-- \/ Yoast SEO plugin. -->","yoast_head_json":{"title":"Messe de Pentec\u00f4te 2020 - Paroisse Aumale Bray Picardie.fr","description":"Site de la paroisse Aumale Bray Picardie - Dioc\u00e8se de Rouen Normandie - Retrouvez ici les horaires des messes, et toutes les informations li\u00e9es aux animations, l'histoire de notre Paroisse Etc...","robots":{"index":"index","follow":"follow","max-snippet":"max-snippet:-1","max-image-preview":"max-image-preview:large","max-video-preview":"max-video-preview:-1"},"canonical":"https:\/\/paroisseaumalebraypicardie.fr\/index.php\/2020\/05\/31\/messe-de-pentecote-2020\/","og_locale":"fr_FR","og_type":"article","og_title":"Messe de Pentec\u00f4te 2020 - Paroisse Aumale Bray Picardie.fr","og_description":"Site de la paroisse Aumale Bray Picardie - Dioc\u00e8se de Rouen Normandie - Retrouvez ici les horaires des messes, et toutes les informations li\u00e9es aux animations, l'histoire de notre Paroisse Etc...","og_url":"https:\/\/paroisseaumalebraypicardie.fr\/index.php\/2020\/05\/31\/messe-de-pentecote-2020\/","og_site_name":"Paroisse Aumale Bray Picardie.fr","article_publisher":"https:\/\/www.facebook.com\/Paroisse-dAumale-1052241828150031","article_published_time":"2020-05-31T11:33:07+00:00","article_modified_time":"2020-09-20T17:35:38+00:00","og_image":[{"width":1920,"height":2560,"url":"https:\/\/i0.wp.com\/paroisseaumalebraypicardie.fr\/wp-content\/uploads\/2020\/05\/IMG_8912-scaled.jpeg?fit=1920%2C2560&ssl=1","type":"image\/jpeg"}],"author":"admin8375","twitter_card":"summary_large_image","twitter_creator":"@ParoisseABP","twitter_site":"@ParoisseABP","twitter_misc":{"\u00c9crit par":"admin8375"},"schema":{"@context":"https:\/\/schema.org","@graph":[{"@type":"Article","@id":"https:\/\/paroisseaumalebraypicardie.fr\/index.php\/2020\/05\/31\/messe-de-pentecote-2020\/#article","isPartOf":{"@id":"https:\/\/paroisseaumalebraypicardie.fr\/index.php\/2020\/05\/31\/messe-de-pentecote-2020\/"},"author":{"name":"admin8375","@id":"https:\/\/paroisseaumalebraypicardie.fr\/#\/schema\/person\/048a3a754dfd061999a2ebfed0f0c133"},"headline":"Messe de Pentec\u00f4te 2020","datePublished":"2020-05-31T11:33:07+00:00","dateModified":"2020-09-20T17:35:38+00:00","mainEntityOfPage":{"@id":"https:\/\/paroisseaumalebraypicardie.fr\/index.php\/2020\/05\/31\/messe-de-pentecote-2020\/"},"wordCount":72,"commentCount":0,"publisher":{"@id":"https:\/\/paroisseaumalebraypicardie.fr\/#organization"},"keywords":["aumale","Messe","Pentec\u00f4te"],"articleSection":["Messe"],"inLanguage":"fr-FR","potentialAction":[{"@type":"CommentAction","name":"Comment","target":["https:\/\/paroisseaumalebraypicardie.fr\/index.php\/2020\/05\/31\/messe-de-pentecote-2020\/#respond"]}]},{"@type":"WebPage","@id":"https:\/\/paroisseaumalebraypicardie.fr\/index.php\/2020\/05\/31\/messe-de-pentecote-2020\/","url":"https:\/\/paroisseaumalebraypicardie.fr\/index.php\/2020\/05\/31\/messe-de-pentecote-2020\/","name":"Messe de Pentec\u00f4te 2020 - Paroisse Aumale Bray Picardie.fr","isPartOf":{"@id":"https:\/\/paroisseaumalebraypicardie.fr\/#website"},"datePublished":"2020-05-31T11:33:07+00:00","dateModified":"2020-09-20T17:35:38+00:00","description":"Site de la paroisse Aumale Bray Picardie - Dioc\u00e8se de Rouen Normandie - Retrouvez ici les horaires des messes, et toutes les informations li\u00e9es aux animations, l'histoire de notre Paroisse Etc...","breadcrumb":{"@id":"https:\/\/paroisseaumalebraypicardie.fr\/index.php\/2020\/05\/31\/messe-de-pentecote-2020\/#breadcrumb"},"inLanguage":"fr-FR","potentialAction":[{"@type":"ReadAction","target":["https:\/\/paroisseaumalebraypicardie.fr\/index.php\/2020\/05\/31\/messe-de-pentecote-2020\/"]}]},{"@type":"BreadcrumbList","@id":"https:\/\/paroisseaumalebraypicardie.fr\/index.php\/2020\/05\/31\/messe-de-pentecote-2020\/#breadcrumb","itemListElement":[{"@type":"ListItem","position":1,"name":"Accueil","item":"https:\/\/paroisseaumalebraypicardie.fr\/"},{"@type":"ListItem","position":2,"name":"Messe de Pentec\u00f4te 2020"}]},{"@type":"WebSite","@id":"https:\/\/paroisseaumalebraypicardie.fr\/#website","url":"https:\/\/paroisseaumalebraypicardie.fr\/","name":"Paroisse Aumale Bray Picardie.fr","description":"","publisher":{"@id":"https:\/\/paroisseaumalebraypicardie.fr\/#organization"},"potentialAction":[{"@type":"SearchAction","target":{"@type":"EntryPoint","urlTemplate":"https:\/\/paroisseaumalebraypicardie.fr\/?s={search_term_string}"},"query-input":"required name=search_term_string"}],"inLanguage":"fr-FR"},{"@type":"Organization","@id":"https:\/\/paroisseaumalebraypicardie.fr\/#organization","name":"Paroisse Aumale Bray Picardie","url":"https:\/\/paroisseaumalebraypicardie.fr\/","logo":{"@type":"ImageObject","inLanguage":"fr-FR","@id":"https:\/\/paroisseaumalebraypicardie.fr\/#\/schema\/logo\/image\/","url":"https:\/\/i1.wp.com\/paroisseaumalebraypicardie.fr\/wp-content\/uploads\/2020\/01\/img_1256_47985338107_o-scaled.jpg?fit=2560%2C1912","contentUrl":"https:\/\/i1.wp.com\/paroisseaumalebraypicardie.fr\/wp-content\/uploads\/2020\/01\/img_1256_47985338107_o-scaled.jpg?fit=2560%2C1912","width":2560,"height":1912,"caption":"Paroisse Aumale Bray Picardie"},"image":{"@id":"https:\/\/paroisseaumalebraypicardie.fr\/#\/schema\/logo\/image\/"},"sameAs":["https:\/\/www.instagram.com\/paroisseaumalebp\/?hl=fr","https:\/\/www.youtube.com\/channel\/UCdzO2T1JOuFy9b6jaJdSyaQ?view_as=subscriber","https:\/\/www.facebook.com\/Paroisse-dAumale-1052241828150031","https:\/\/twitter.com\/ParoisseABP"]},{"@type":"Person","@id":"https:\/\/paroisseaumalebraypicardie.fr\/#\/schema\/person\/048a3a754dfd061999a2ebfed0f0c133","name":"admin8375","image":{"@type":"ImageObject","inLanguage":"fr-FR","@id":"https:\/\/paroisseaumalebraypicardie.fr\/#\/schema\/person\/image\/","url":"https:\/\/secure.gravatar.com\/avatar\/83a82140e6728d429cb70143cacc8630?s=96&d=mm&r=g","contentUrl":"https:\/\/secure.gravatar.com\/avatar\/83a82140e6728d429cb70143cacc8630?s=96&d=mm&r=g","caption":"admin8375"},"sameAs":["http:\/\/www.paroisseaumalebraypicardie.fr"],"url":"https:\/\/paroisseaumalebraypicardie.fr\/index.php\/author\/admin8375\/"}]}},"jetpack_featured_media_url":"https:\/\/i0.wp.com\/paroisseaumalebraypicardie.fr\/wp-content\/uploads\/2020\/05\/IMG_8912-scaled.jpeg?fit=1920%2C2560&ssl=1","jetpack_sharing_enabled":true,"_links":{"self":[{"href":"https:\/\/paroisseaumalebraypicardie.fr\/index.php\/wp-json\/wp\/v2\/posts\/4254"}],"collection":[{"href":"https:\/\/paroisseaumalebraypicardie.fr\/index.php\/wp-json\/wp\/v2\/posts"}],"about":[{"href":"https:\/\/paroisseaumalebraypicardie.fr\/index.php\/wp-json\/wp\/v2\/types\/post"}],"author":[{"embeddable":true,"href":"https:\/\/paroisseaumalebraypicardie.fr\/index.php\/wp-json\/wp\/v2\/users\/1"}],"replies":[{"embeddable":true,"href":"https:\/\/paroisseaumalebraypicardie.fr\/index.php\/wp-json\/wp\/v2\/comments?post=4254"}],"version-history":[{"count":4,"href":"https:\/\/paroisseaumalebraypicardie.fr\/index.php\/wp-json\/wp\/v2\/posts\/4254\/revisions"}],"predecessor-version":[{"id":10143,"href":"https:\/\/paroisseaumalebraypicardie.fr\/index.php\/wp-json\/wp\/v2\/posts\/4254\/revisions\/10143"}],"wp:featuredmedia":[{"embeddable":true,"href":"https:\/\/paroisseaumalebraypicardie.fr\/index.php\/wp-json\/wp\/v2\/media\/4255"}],"wp:attachment":[{"href":"https:\/\/paroisseaumalebraypicardie.fr\/index.php\/wp-json\/wp\/v2\/media?parent=4254"}],"wp:term":[{"taxonomy":"category","embeddable":true,"href":"https:\/\/paroisseaumalebraypicardie.fr\/index.php\/wp-json\/wp\/v2\/categories?post=4254"},{"taxonomy":"post_tag","embeddable":true,"href":"https:\/\/paroisseaumalebraypicardie.fr\/index.php\/wp-json\/wp\/v2\/tags?post=4254"}],"curies":[{"name":"wp","href":"https:\/\/api.w.org\/{rel}","templated":true}]}}