{"id":9076,"date":"2020-08-31T18:56:37","date_gmt":"2020-08-31T16:56:37","guid":{"rendered":"http:\/\/paroisseaumalebraypicardie.fr\/?p=9076"},"modified":"2020-08-31T18:56:39","modified_gmt":"2020-08-31T16:56:39","slug":"messe-de-la-saint-guenole-2020","status":"publish","type":"post","link":"https:\/\/paroisseaumalebraypicardie.fr\/index.php\/2020\/08\/31\/messe-de-la-saint-guenole-2020\/","title":{"rendered":"Messe de la Saint-Gu\u00e9nol\u00e9 2020"},"content":{"rendered":"\n<p>Ce dimanche a eu lieu dans notre belle \u00e9glise Saint-Pierre et Saint-Paul d&rsquo;Aumale la traditionnelle messe de la Saint Gu\u00e9nol\u00e9 qui rassemble les paroissiens pour la f\u00eate locale (Saint Guignolet). C&rsquo;est aussi l&rsquo;occasion pour tous de rassembler nos intentions de pri\u00e8res pour celles et ceux qui ont contribu\u00e9 \u00e0 la lib\u00e9ration de la Ville il y a 76 ans.<\/p>\n\n\n\n<figure class=\"wp-block-gallery columns-3 is-cropped wp-block-gallery-1 is-layout-flex wp-block-gallery-is-layout-flex\"><ul class=\"blocks-gallery-grid\"><li class=\"blocks-gallery-item\"><figure><img loading=\"lazy\" decoding=\"async\" width=\"1024\" height=\"683\" src=\"https:\/\/i0.wp.com\/paroisseaumalebraypicardie.fr\/wp-content\/uploads\/2020\/08\/IMG_2878.jpeg?resize=1024%2C683\" alt=\"\" data-id=\"9085\" data-full-url=\"http:\/\/paroisseaumalebraypicardie.fr\/wp-content\/uploads\/2020\/08\/IMG_2878-scaled.jpeg\" data-link=\"http:\/\/paroisseaumalebraypicardie.fr\/img_2878\/\" class=\"wp-image-9085\" srcset=\"https:\/\/i0.wp.com\/paroisseaumalebraypicardie.fr\/wp-content\/uploads\/2020\/08\/IMG_2878-scaled.jpeg?resize=1024%2C683&amp;ssl=1 1024w, https:\/\/i0.wp.com\/paroisseaumalebraypicardie.fr\/wp-content\/uploads\/2020\/08\/IMG_2878-scaled.jpeg?resize=300%2C200&amp;ssl=1 300w, https:\/\/i0.wp.com\/paroisseaumalebraypicardie.fr\/wp-content\/uploads\/2020\/08\/IMG_2878-scaled.jpeg?resize=768%2C512&amp;ssl=1 768w, https:\/\/i0.wp.com\/paroisseaumalebraypicardie.fr\/wp-content\/uploads\/2020\/08\/IMG_2878-scaled.jpeg?resize=1536%2C1024&amp;ssl=1 1536w, https:\/\/i0.wp.com\/paroisseaumalebraypicardie.fr\/wp-content\/uploads\/2020\/08\/IMG_2878-scaled.jpeg?resize=2048%2C1365&amp;ssl=1 2048w, https:\/\/i0.wp.com\/paroisseaumalebraypicardie.fr\/wp-content\/uploads\/2020\/08\/IMG_2878-scaled.jpeg?resize=1620%2C1080&amp;ssl=1 1620w\" sizes=\"(max-width: 1024px) 100vw, 1024px\" data-recalc-dims=\"1\" \/><figcaption class=\"blocks-gallery-item__caption\">Lecture de l&rsquo;Evangile<\/figcaption><\/figure><\/li><li class=\"blocks-gallery-item\"><figure><img loading=\"lazy\" decoding=\"async\" width=\"1024\" height=\"683\" src=\"https:\/\/i0.wp.com\/paroisseaumalebraypicardie.fr\/wp-content\/uploads\/2020\/08\/IMG_2879.jpeg?resize=1024%2C683\" alt=\"\" data-id=\"9084\" data-full-url=\"http:\/\/paroisseaumalebraypicardie.fr\/wp-content\/uploads\/2020\/08\/IMG_2879-scaled.jpeg\" data-link=\"http:\/\/paroisseaumalebraypicardie.fr\/img_2879\/\" class=\"wp-image-9084\" srcset=\"https:\/\/i0.wp.com\/paroisseaumalebraypicardie.fr\/wp-content\/uploads\/2020\/08\/IMG_2879-scaled.jpeg?resize=1024%2C683&amp;ssl=1 1024w, https:\/\/i0.wp.com\/paroisseaumalebraypicardie.fr\/wp-content\/uploads\/2020\/08\/IMG_2879-scaled.jpeg?resize=300%2C200&amp;ssl=1 300w, https:\/\/i0.wp.com\/paroisseaumalebraypicardie.fr\/wp-content\/uploads\/2020\/08\/IMG_2879-scaled.jpeg?resize=768%2C512&amp;ssl=1 768w, https:\/\/i0.wp.com\/paroisseaumalebraypicardie.fr\/wp-content\/uploads\/2020\/08\/IMG_2879-scaled.jpeg?resize=1536%2C1024&amp;ssl=1 1536w, https:\/\/i0.wp.com\/paroisseaumalebraypicardie.fr\/wp-content\/uploads\/2020\/08\/IMG_2879-scaled.jpeg?resize=2048%2C1365&amp;ssl=1 2048w, https:\/\/i0.wp.com\/paroisseaumalebraypicardie.fr\/wp-content\/uploads\/2020\/08\/IMG_2879-scaled.jpeg?resize=1620%2C1080&amp;ssl=1 1620w\" sizes=\"(max-width: 1024px) 100vw, 1024px\" data-recalc-dims=\"1\" \/><figcaption class=\"blocks-gallery-item__caption\">Hom\u00e9lie<\/figcaption><\/figure><\/li><li class=\"blocks-gallery-item\"><figure><img loading=\"lazy\" decoding=\"async\" width=\"683\" height=\"1024\" src=\"https:\/\/i0.wp.com\/paroisseaumalebraypicardie.fr\/wp-content\/uploads\/2020\/08\/IMG_2889.jpeg?resize=683%2C1024\" alt=\"\" data-id=\"9080\" data-full-url=\"http:\/\/paroisseaumalebraypicardie.fr\/wp-content\/uploads\/2020\/08\/IMG_2889-scaled.jpeg\" data-link=\"http:\/\/paroisseaumalebraypicardie.fr\/img_2889\/\" class=\"wp-image-9080\" srcset=\"https:\/\/i0.wp.com\/paroisseaumalebraypicardie.fr\/wp-content\/uploads\/2020\/08\/IMG_2889-scaled.jpeg?resize=683%2C1024&amp;ssl=1 683w, https:\/\/i0.wp.com\/paroisseaumalebraypicardie.fr\/wp-content\/uploads\/2020\/08\/IMG_2889-scaled.jpeg?resize=200%2C300&amp;ssl=1 200w, https:\/\/i0.wp.com\/paroisseaumalebraypicardie.fr\/wp-content\/uploads\/2020\/08\/IMG_2889-scaled.jpeg?resize=768%2C1152&amp;ssl=1 768w, https:\/\/i0.wp.com\/paroisseaumalebraypicardie.fr\/wp-content\/uploads\/2020\/08\/IMG_2889-scaled.jpeg?resize=1024%2C1536&amp;ssl=1 1024w, https:\/\/i0.wp.com\/paroisseaumalebraypicardie.fr\/wp-content\/uploads\/2020\/08\/IMG_2889-scaled.jpeg?resize=1365%2C2048&amp;ssl=1 1365w, https:\/\/i0.wp.com\/paroisseaumalebraypicardie.fr\/wp-content\/uploads\/2020\/08\/IMG_2889-scaled.jpeg?resize=720%2C1080&amp;ssl=1 720w, https:\/\/i0.wp.com\/paroisseaumalebraypicardie.fr\/wp-content\/uploads\/2020\/08\/IMG_2889-scaled.jpeg?w=1707&amp;ssl=1 1707w\" sizes=\"(max-width: 683px) 100vw, 683px\" data-recalc-dims=\"1\" \/><figcaption class=\"blocks-gallery-item__caption\">Communion<\/figcaption><\/figure><\/li><li class=\"blocks-gallery-item\"><figure><img loading=\"lazy\" decoding=\"async\" width=\"683\" height=\"1024\" src=\"https:\/\/i0.wp.com\/paroisseaumalebraypicardie.fr\/wp-content\/uploads\/2020\/08\/IMG_2891.jpeg?resize=683%2C1024\" alt=\"\" data-id=\"9081\" data-full-url=\"http:\/\/paroisseaumalebraypicardie.fr\/wp-content\/uploads\/2020\/08\/IMG_2891-scaled.jpeg\" data-link=\"http:\/\/paroisseaumalebraypicardie.fr\/img_2891\/\" class=\"wp-image-9081\" srcset=\"https:\/\/i0.wp.com\/paroisseaumalebraypicardie.fr\/wp-content\/uploads\/2020\/08\/IMG_2891-scaled.jpeg?resize=683%2C1024&amp;ssl=1 683w, https:\/\/i0.wp.com\/paroisseaumalebraypicardie.fr\/wp-content\/uploads\/2020\/08\/IMG_2891-scaled.jpeg?resize=200%2C300&amp;ssl=1 200w, https:\/\/i0.wp.com\/paroisseaumalebraypicardie.fr\/wp-content\/uploads\/2020\/08\/IMG_2891-scaled.jpeg?resize=768%2C1152&amp;ssl=1 768w, https:\/\/i0.wp.com\/paroisseaumalebraypicardie.fr\/wp-content\/uploads\/2020\/08\/IMG_2891-scaled.jpeg?resize=1024%2C1536&amp;ssl=1 1024w, https:\/\/i0.wp.com\/paroisseaumalebraypicardie.fr\/wp-content\/uploads\/2020\/08\/IMG_2891-scaled.jpeg?resize=1365%2C2048&amp;ssl=1 1365w, https:\/\/i0.wp.com\/paroisseaumalebraypicardie.fr\/wp-content\/uploads\/2020\/08\/IMG_2891-scaled.jpeg?resize=720%2C1080&amp;ssl=1 720w, https:\/\/i0.wp.com\/paroisseaumalebraypicardie.fr\/wp-content\/uploads\/2020\/08\/IMG_2891-scaled.jpeg?w=1706&amp;ssl=1 1706w\" sizes=\"(max-width: 683px) 100vw, 683px\" data-recalc-dims=\"1\" \/><figcaption class=\"blocks-gallery-item__caption\">Envoi<\/figcaption><\/figure><\/li><li class=\"blocks-gallery-item\"><figure><img loading=\"lazy\" decoding=\"async\" width=\"683\" height=\"1024\" src=\"https:\/\/i0.wp.com\/paroisseaumalebraypicardie.fr\/wp-content\/uploads\/2020\/08\/IMG_2897.jpeg?resize=683%2C1024\" alt=\"\" data-id=\"9079\" data-full-url=\"http:\/\/paroisseaumalebraypicardie.fr\/wp-content\/uploads\/2020\/08\/IMG_2897-scaled.jpeg\" data-link=\"http:\/\/paroisseaumalebraypicardie.fr\/img_2897\/\" class=\"wp-image-9079\" srcset=\"https:\/\/i0.wp.com\/paroisseaumalebraypicardie.fr\/wp-content\/uploads\/2020\/08\/IMG_2897-scaled.jpeg?resize=683%2C1024&amp;ssl=1 683w, https:\/\/i0.wp.com\/paroisseaumalebraypicardie.fr\/wp-content\/uploads\/2020\/08\/IMG_2897-scaled.jpeg?resize=200%2C300&amp;ssl=1 200w, https:\/\/i0.wp.com\/paroisseaumalebraypicardie.fr\/wp-content\/uploads\/2020\/08\/IMG_2897-scaled.jpeg?resize=768%2C1152&amp;ssl=1 768w, https:\/\/i0.wp.com\/paroisseaumalebraypicardie.fr\/wp-content\/uploads\/2020\/08\/IMG_2897-scaled.jpeg?resize=1024%2C1536&amp;ssl=1 1024w, https:\/\/i0.wp.com\/paroisseaumalebraypicardie.fr\/wp-content\/uploads\/2020\/08\/IMG_2897-scaled.jpeg?resize=1365%2C2048&amp;ssl=1 1365w, https:\/\/i0.wp.com\/paroisseaumalebraypicardie.fr\/wp-content\/uploads\/2020\/08\/IMG_2897-scaled.jpeg?resize=720%2C1080&amp;ssl=1 720w, https:\/\/i0.wp.com\/paroisseaumalebraypicardie.fr\/wp-content\/uploads\/2020\/08\/IMG_2897-scaled.jpeg?w=1707&amp;ssl=1 1707w\" sizes=\"(max-width: 683px) 100vw, 683px\" data-recalc-dims=\"1\" \/><figcaption class=\"blocks-gallery-item__caption\">Virginie Lucot Avril et P\u00e8re Jean-Claude Varin<\/figcaption><\/figure><\/li><li class=\"blocks-gallery-item\"><figure><img loading=\"lazy\" decoding=\"async\" width=\"1024\" height=\"683\" src=\"https:\/\/i0.wp.com\/paroisseaumalebraypicardie.fr\/wp-content\/uploads\/2020\/08\/IMG_2896.jpeg?resize=1024%2C683\" alt=\"\" data-id=\"9078\" data-full-url=\"http:\/\/paroisseaumalebraypicardie.fr\/wp-content\/uploads\/2020\/08\/IMG_2896-scaled.jpeg\" data-link=\"http:\/\/paroisseaumalebraypicardie.fr\/img_2896\/\" class=\"wp-image-9078\" srcset=\"https:\/\/i0.wp.com\/paroisseaumalebraypicardie.fr\/wp-content\/uploads\/2020\/08\/IMG_2896-scaled.jpeg?resize=1024%2C683&amp;ssl=1 1024w, https:\/\/i0.wp.com\/paroisseaumalebraypicardie.fr\/wp-content\/uploads\/2020\/08\/IMG_2896-scaled.jpeg?resize=300%2C200&amp;ssl=1 300w, https:\/\/i0.wp.com\/paroisseaumalebraypicardie.fr\/wp-content\/uploads\/2020\/08\/IMG_2896-scaled.jpeg?resize=768%2C512&amp;ssl=1 768w, https:\/\/i0.wp.com\/paroisseaumalebraypicardie.fr\/wp-content\/uploads\/2020\/08\/IMG_2896-scaled.jpeg?resize=1536%2C1024&amp;ssl=1 1536w, https:\/\/i0.wp.com\/paroisseaumalebraypicardie.fr\/wp-content\/uploads\/2020\/08\/IMG_2896-scaled.jpeg?resize=2048%2C1365&amp;ssl=1 2048w, https:\/\/i0.wp.com\/paroisseaumalebraypicardie.fr\/wp-content\/uploads\/2020\/08\/IMG_2896-scaled.jpeg?resize=1620%2C1080&amp;ssl=1 1620w\" sizes=\"(max-width: 1024px) 100vw, 1024px\" data-recalc-dims=\"1\" \/><\/figure><\/li><li class=\"blocks-gallery-item\"><figure><img loading=\"lazy\" decoding=\"async\" width=\"683\" height=\"1024\" src=\"https:\/\/i0.wp.com\/paroisseaumalebraypicardie.fr\/wp-content\/uploads\/2020\/08\/IMG_2890.jpeg?resize=683%2C1024\" alt=\"\" data-id=\"9082\" data-full-url=\"http:\/\/paroisseaumalebraypicardie.fr\/wp-content\/uploads\/2020\/08\/IMG_2890-scaled.jpeg\" data-link=\"http:\/\/paroisseaumalebraypicardie.fr\/img_2890\/\" class=\"wp-image-9082\" srcset=\"https:\/\/i0.wp.com\/paroisseaumalebraypicardie.fr\/wp-content\/uploads\/2020\/08\/IMG_2890-scaled.jpeg?resize=683%2C1024&amp;ssl=1 683w, https:\/\/i0.wp.com\/paroisseaumalebraypicardie.fr\/wp-content\/uploads\/2020\/08\/IMG_2890-scaled.jpeg?resize=200%2C300&amp;ssl=1 200w, https:\/\/i0.wp.com\/paroisseaumalebraypicardie.fr\/wp-content\/uploads\/2020\/08\/IMG_2890-scaled.jpeg?resize=768%2C1152&amp;ssl=1 768w, https:\/\/i0.wp.com\/paroisseaumalebraypicardie.fr\/wp-content\/uploads\/2020\/08\/IMG_2890-scaled.jpeg?resize=1024%2C1536&amp;ssl=1 1024w, https:\/\/i0.wp.com\/paroisseaumalebraypicardie.fr\/wp-content\/uploads\/2020\/08\/IMG_2890-scaled.jpeg?resize=1365%2C2048&amp;ssl=1 1365w, https:\/\/i0.wp.com\/paroisseaumalebraypicardie.fr\/wp-content\/uploads\/2020\/08\/IMG_2890-scaled.jpeg?resize=720%2C1080&amp;ssl=1 720w, https:\/\/i0.wp.com\/paroisseaumalebraypicardie.fr\/wp-content\/uploads\/2020\/08\/IMG_2890-scaled.jpeg?w=1707&amp;ssl=1 1707w\" sizes=\"(max-width: 683px) 100vw, 683px\" data-recalc-dims=\"1\" \/><figcaption class=\"blocks-gallery-item__caption\">Envoi<\/figcaption><\/figure><\/li><li class=\"blocks-gallery-item\"><figure><img loading=\"lazy\" decoding=\"async\" width=\"648\" height=\"1024\" src=\"https:\/\/i0.wp.com\/paroisseaumalebraypicardie.fr\/wp-content\/uploads\/2020\/08\/IMG_2873.jpeg?resize=648%2C1024\" alt=\"\" data-id=\"9077\" data-full-url=\"http:\/\/paroisseaumalebraypicardie.fr\/wp-content\/uploads\/2020\/08\/IMG_2873-scaled.jpeg\" data-link=\"http:\/\/paroisseaumalebraypicardie.fr\/img_2873\/\" class=\"wp-image-9077\" srcset=\"https:\/\/i0.wp.com\/paroisseaumalebraypicardie.fr\/wp-content\/uploads\/2020\/08\/IMG_2873-scaled.jpeg?resize=648%2C1024&amp;ssl=1 648w, https:\/\/i0.wp.com\/paroisseaumalebraypicardie.fr\/wp-content\/uploads\/2020\/08\/IMG_2873-scaled.jpeg?resize=190%2C300&amp;ssl=1 190w, https:\/\/i0.wp.com\/paroisseaumalebraypicardie.fr\/wp-content\/uploads\/2020\/08\/IMG_2873-scaled.jpeg?resize=768%2C1213&amp;ssl=1 768w, https:\/\/i0.wp.com\/paroisseaumalebraypicardie.fr\/wp-content\/uploads\/2020\/08\/IMG_2873-scaled.jpeg?resize=972%2C1536&amp;ssl=1 972w, https:\/\/i0.wp.com\/paroisseaumalebraypicardie.fr\/wp-content\/uploads\/2020\/08\/IMG_2873-scaled.jpeg?resize=1296%2C2048&amp;ssl=1 1296w, https:\/\/i0.wp.com\/paroisseaumalebraypicardie.fr\/wp-content\/uploads\/2020\/08\/IMG_2873-scaled.jpeg?resize=1024%2C1618&amp;ssl=1 1024w, https:\/\/i0.wp.com\/paroisseaumalebraypicardie.fr\/wp-content\/uploads\/2020\/08\/IMG_2873-scaled.jpeg?resize=684%2C1080&amp;ssl=1 684w, https:\/\/i0.wp.com\/paroisseaumalebraypicardie.fr\/wp-content\/uploads\/2020\/08\/IMG_2873-scaled.jpeg?w=1620&amp;ssl=1 1620w\" sizes=\"(max-width: 648px) 100vw, 648px\" data-recalc-dims=\"1\" \/><figcaption class=\"blocks-gallery-item__caption\">Saint Gu\u00e9nol\u00e9<\/figcaption><\/figure><\/li><\/ul><\/figure>\n\n\n\n<h4 class=\"wp-block-heading\">Mais savez vous qui est Saint-Gu\u00e9nol\u00e9 ?<\/h4>\n\n\n\n<p>Saint-Gu\u00e9nol\u00e9  est un Abb\u00e9 breton du 6\u00e8me si\u00e8cle \u00e0 Landevennec (Finist\u00e8re). Ses parent sont n\u00e9s au Pays de Galles et ont \u00e9migr\u00e9 en Bretagne <\/p>\n\n\n\n<p> Alors qu&rsquo;il souhaite partir en Irlande pour v\u00e9n\u00e9rer Saint Patrick (461). Ce dernier lui appara\u00eet en songe et lui intime de se consacrer \u00e0 la fondation d&rsquo;un monast\u00e8re, ce qu&rsquo;il fait.<\/p>\n\n\n\n<p>Alors qu&rsquo;il prodigue des aum\u00f4nes au portes du monast\u00e8re, il est connu pour avoir aid\u00e9 un aveugle \u00e0 retrouver la vue. C&rsquo;est ainsi qu&rsquo;il devient le Patron des oculistes. <\/p>\n\n\n\n<p><\/p>\n\n\n\n<h4 class=\"wp-block-heading\">Pourquoi Saint Guignolet\/Gu\u00e9nol\u00e9 \u00e0 Aumale ?<\/h4>\n\n\n\n<p>Lors des invasions normandes au d\u00e9but du X\u00e8me si\u00e8cle, le monast\u00e8re de Landevennec est d\u00e9truit. Les moines fuient alors en emportant leurs \u00e9crits et reliques. Apr\u00e8s plusieurs \u00e9tapes, ils se r\u00e9fugient \u00e0 Montreuil sur Mer pour fonder une nouvelle abbaye : St Walloy, \u00e0 l&#8217;emplacement occup\u00e9 aujourd&rsquo;hui par l&rsquo;abbatiale Saint Saulve.<\/p>\n\n\n\n<p>D&rsquo;ailleurs, si vous voulez en savoir plus sur les version r\u00e9gionales phon\u00e9tiques de Gu\u00e9nol\u00e9, Guignolet, Walloy&#8230; c&rsquo;est <a href=\"https:\/\/books.openedition.org\/pur\/20158?lang=fr\" target=\"_blank\" rel=\"noreferrer noopener\">ICI<\/a><\/p>\n\n\n\n<p><\/p>\n\n\n\n<h4 class=\"wp-block-heading\">Prier Saint Gu\u00e9nol\u00e9<\/h4>\n\n\n\n<p><strong>INVOCATION<br><\/strong>\u00d4 Dieu, qui avez accord\u00e9 \u00e0 saint Gu\u00e9nol\u00e9, votre fid\u00e8le serviteur, la gr\u00e2ce de gu\u00e9rir la conjonctivite, je vous prie, par ses m\u00e9rites et son intercession, de me gu\u00e9rir, dans votre mis\u00e9ricorde, de ctte affection douloureuse. <br><strong>Saint Gu\u00e9nol\u00e9, qui pr\u00e9servez des maladies des yeux et qui gu\u00e9rissez la conjonctivite, priez pour moi qui vous invoque.<\/strong><\/p>\n\n\n\n<p><strong>ORAISON<\/strong><br>Votre gr\u00e2ce, Seigneur, abonde toujours \u00e0 mesure que les dangers se multiplient; \u00e9coutez donc ma pri\u00e8re, et ne m\u2019abandonnez pas dans une extr\u00e9mit\u00e9 o\u00f9 la justice du secours que je vous demande, semble me r\u00e9pondre que vous ne tarderez pas de me l\u2019accorder. Tous les pi\u00e8ges et tous les artifices du d\u00e9mon se r\u00e9unissent pour m\u2019affaiblir ou pour me surprendre; mes amis, mes proches eux-m\u00eames paraissent avoir conjur\u00e9 ma perte. Ils entreprennent de renverser en moi, par leurs s\u00e9ductions et leurs violences, l\u2019ouvrage de vos mis\u00e9ricordes que la force de votre droite y a commenc\u00e9; ils ne veulent, \u00e0 force de contradictions, que me d\u00e9go\u00fbter de votre service; ils s\u2019opposent \u00e0 vos desseins \u00e9ternels sur mon \u00e2me. Ainsi soit-il.<\/p>\n\n\n\n<h3 class=\"wp-block-heading\">Pour en savoir plus : <a href=\"http:\/\/paroisseaumalebraypicardie.fr\/wp-content\/uploads\/2020\/08\/GuAnole_le_Saint_de_LandAvennec_.pdf\" target=\"_blank\" rel=\"noreferrer noopener\">ICI<\/a> et <a href=\"http:\/\/www.seraphim-marc-elie.fr\/2019\/03\/saint-guenole.html\" target=\"_blank\" rel=\"noreferrer noopener\">ICI<\/a><\/h3>\n\n\n\n<p>Pour le prochain article, nous nous int\u00e9resserons \u00e0 St Fiacre<\/p>\n","protected":false},"excerpt":{"rendered":"<p>Ce dimanche a eu lieu dans notre belle \u00e9glise Saint-Pierre et Saint-Paul d&rsquo;Aumale la traditionnelle messe de la Saint Gu\u00e9nol\u00e9 qui rassemble les paroissiens pour la f\u00eate locale (Saint Guignolet). C&rsquo;est aussi l&rsquo;occasion pour tous de rassembler nos intentions de pri\u00e8res pour celles et ceux qui ont contribu\u00e9 \u00e0 la lib\u00e9ration de la Ville il&hellip; <br \/> <a class=\"read-more\" href=\"https:\/\/paroisseaumalebraypicardie.fr\/index.php\/2020\/08\/31\/messe-de-la-saint-guenole-2020\/\">Lire la suite<\/a><\/p>\n","protected":false},"author":1,"featured_media":9077,"comment_status":"open","ping_status":"open","sticky":false,"template":"","format":"standard","meta":{"h5ap_radio_sources":[],"jetpack_post_was_ever_published":false,"_jetpack_newsletter_access":"","_jetpack_dont_email_post_to_subs":false,"_jetpack_newsletter_tier_id":0,"_jetpack_memberships_contains_paywalled_content":false,"footnotes":"","_jetpack_memberships_contains_paid_content":false,"jetpack_publicize_message":"Messe de la Saint-Gu\u00e9nol\u00e9 2020 #saint gu\u00e9nol\u00e9","jetpack_publicize_feature_enabled":true,"jetpack_social_post_already_shared":true,"jetpack_social_options":{"image_generator_settings":{"template":"highway","enabled":false},"version":2}},"categories":[73,8],"tags":[],"jetpack_publicize_connections":[],"yoast_head":"<!-- This site is optimized with the Yoast SEO plugin v19.13 - https:\/\/yoast.com\/wordpress\/plugins\/seo\/ -->\n<title>Messe de la Saint-Gu\u00e9nol\u00e9 2020 - Paroisse Aumale Bray Picardie.fr<\/title>\n<meta name=\"description\" content=\"Traditionnelle messe de la Saint Gu\u00e9nol\u00e9 qui rassemble les paroissiens pour la f\u00eate locale (Saint Guignolet) dans notre belle \u00e9glise Saint-Pierre et Saint-Paul d&#039;Aumale. C&#039;est aussi l&#039;occasion pour tous de rassembler nos intentions de pri\u00e8res pour celles et ceux qui ont contribu\u00e9 \u00e0 la lib\u00e9ration de la Ville il y a 76 ans. Et vous savez vous qui est Saint Gu\u00e9nol\u00e9 ?\" \/>\n<meta name=\"robots\" content=\"index, follow, max-snippet:-1, max-image-preview:large, max-video-preview:-1\" \/>\n<link rel=\"canonical\" href=\"https:\/\/paroisseaumalebraypicardie.fr\/index.php\/2020\/08\/31\/messe-de-la-saint-guenole-2020\/\" \/>\n<meta property=\"og:locale\" content=\"fr_FR\" \/>\n<meta property=\"og:type\" content=\"article\" \/>\n<meta property=\"og:title\" content=\"Messe de la Saint-Gu\u00e9nol\u00e9 2020 - Paroisse Aumale Bray Picardie.fr\" \/>\n<meta property=\"og:description\" content=\"Traditionnelle messe de la Saint Gu\u00e9nol\u00e9 qui rassemble les paroissiens pour la f\u00eate locale (Saint Guignolet) dans notre belle \u00e9glise Saint-Pierre et Saint-Paul d&#039;Aumale. C&#039;est aussi l&#039;occasion pour tous de rassembler nos intentions de pri\u00e8res pour celles et ceux qui ont contribu\u00e9 \u00e0 la lib\u00e9ration de la Ville il y a 76 ans. Et vous savez vous qui est Saint Gu\u00e9nol\u00e9 ?\" \/>\n<meta property=\"og:url\" content=\"https:\/\/paroisseaumalebraypicardie.fr\/index.php\/2020\/08\/31\/messe-de-la-saint-guenole-2020\/\" \/>\n<meta property=\"og:site_name\" content=\"Paroisse Aumale Bray Picardie.fr\" \/>\n<meta property=\"article:publisher\" content=\"https:\/\/www.facebook.com\/Paroisse-dAumale-1052241828150031\" \/>\n<meta property=\"article:published_time\" content=\"2020-08-31T16:56:37+00:00\" \/>\n<meta property=\"article:modified_time\" content=\"2020-08-31T16:56:39+00:00\" \/>\n<meta property=\"og:image\" content=\"https:\/\/i0.wp.com\/paroisseaumalebraypicardie.fr\/wp-content\/uploads\/2020\/08\/IMG_2873-scaled.jpeg?fit=1620%2C2560&ssl=1\" \/>\n\t<meta property=\"og:image:width\" content=\"1620\" \/>\n\t<meta property=\"og:image:height\" content=\"2560\" \/>\n\t<meta property=\"og:image:type\" content=\"image\/jpeg\" \/>\n<meta name=\"author\" content=\"admin8375\" \/>\n<meta name=\"twitter:card\" content=\"summary_large_image\" \/>\n<meta name=\"twitter:image\" content=\"https:\/\/i0.wp.com\/paroisseaumalebraypicardie.fr\/wp-content\/uploads\/2020\/08\/IMG_2873-scaled.jpeg?fit=1620%2C2560&ssl=1\" \/>\n<meta name=\"twitter:creator\" content=\"@ParoisseABP\" \/>\n<meta name=\"twitter:site\" content=\"@ParoisseABP\" \/>\n<meta name=\"twitter:label1\" content=\"\u00c9crit par\" \/>\n\t<meta name=\"twitter:data1\" content=\"admin8375\" \/>\n\t<meta name=\"twitter:label2\" content=\"Dur\u00e9e de lecture estim\u00e9e\" \/>\n\t<meta name=\"twitter:data2\" content=\"2 minutes\" \/>\n<script type=\"application\/ld+json\" class=\"yoast-schema-graph\">{\"@context\":\"https:\/\/schema.org\",\"@graph\":[{\"@type\":\"Article\",\"@id\":\"https:\/\/paroisseaumalebraypicardie.fr\/index.php\/2020\/08\/31\/messe-de-la-saint-guenole-2020\/#article\",\"isPartOf\":{\"@id\":\"https:\/\/paroisseaumalebraypicardie.fr\/index.php\/2020\/08\/31\/messe-de-la-saint-guenole-2020\/\"},\"author\":{\"name\":\"admin8375\",\"@id\":\"https:\/\/paroisseaumalebraypicardie.fr\/#\/schema\/person\/048a3a754dfd061999a2ebfed0f0c133\"},\"headline\":\"Messe de la Saint-Gu\u00e9nol\u00e9 2020\",\"datePublished\":\"2020-08-31T16:56:37+00:00\",\"dateModified\":\"2020-08-31T16:56:39+00:00\",\"mainEntityOfPage\":{\"@id\":\"https:\/\/paroisseaumalebraypicardie.fr\/index.php\/2020\/08\/31\/messe-de-la-saint-guenole-2020\/\"},\"wordCount\":498,\"commentCount\":1,\"publisher\":{\"@id\":\"https:\/\/paroisseaumalebraypicardie.fr\/#organization\"},\"articleSection\":[\"Histoire\",\"Messe\"],\"inLanguage\":\"fr-FR\",\"potentialAction\":[{\"@type\":\"CommentAction\",\"name\":\"Comment\",\"target\":[\"https:\/\/paroisseaumalebraypicardie.fr\/index.php\/2020\/08\/31\/messe-de-la-saint-guenole-2020\/#respond\"]}]},{\"@type\":\"WebPage\",\"@id\":\"https:\/\/paroisseaumalebraypicardie.fr\/index.php\/2020\/08\/31\/messe-de-la-saint-guenole-2020\/\",\"url\":\"https:\/\/paroisseaumalebraypicardie.fr\/index.php\/2020\/08\/31\/messe-de-la-saint-guenole-2020\/\",\"name\":\"Messe de la Saint-Gu\u00e9nol\u00e9 2020 - Paroisse Aumale Bray Picardie.fr\",\"isPartOf\":{\"@id\":\"https:\/\/paroisseaumalebraypicardie.fr\/#website\"},\"datePublished\":\"2020-08-31T16:56:37+00:00\",\"dateModified\":\"2020-08-31T16:56:39+00:00\",\"description\":\"Traditionnelle messe de la Saint Gu\u00e9nol\u00e9 qui rassemble les paroissiens pour la f\u00eate locale (Saint Guignolet) dans notre belle \u00e9glise Saint-Pierre et Saint-Paul d'Aumale. C'est aussi l'occasion pour tous de rassembler nos intentions de pri\u00e8res pour celles et ceux qui ont contribu\u00e9 \u00e0 la lib\u00e9ration de la Ville il y a 76 ans. Et vous savez vous qui est Saint Gu\u00e9nol\u00e9 ?\",\"breadcrumb\":{\"@id\":\"https:\/\/paroisseaumalebraypicardie.fr\/index.php\/2020\/08\/31\/messe-de-la-saint-guenole-2020\/#breadcrumb\"},\"inLanguage\":\"fr-FR\",\"potentialAction\":[{\"@type\":\"ReadAction\",\"target\":[\"https:\/\/paroisseaumalebraypicardie.fr\/index.php\/2020\/08\/31\/messe-de-la-saint-guenole-2020\/\"]}]},{\"@type\":\"BreadcrumbList\",\"@id\":\"https:\/\/paroisseaumalebraypicardie.fr\/index.php\/2020\/08\/31\/messe-de-la-saint-guenole-2020\/#breadcrumb\",\"itemListElement\":[{\"@type\":\"ListItem\",\"position\":1,\"name\":\"Accueil\",\"item\":\"https:\/\/paroisseaumalebraypicardie.fr\/\"},{\"@type\":\"ListItem\",\"position\":2,\"name\":\"Messe de la Saint-Gu\u00e9nol\u00e9 2020\"}]},{\"@type\":\"WebSite\",\"@id\":\"https:\/\/paroisseaumalebraypicardie.fr\/#website\",\"url\":\"https:\/\/paroisseaumalebraypicardie.fr\/\",\"name\":\"Paroisse Aumale Bray Picardie.fr\",\"description\":\"\",\"publisher\":{\"@id\":\"https:\/\/paroisseaumalebraypicardie.fr\/#organization\"},\"potentialAction\":[{\"@type\":\"SearchAction\",\"target\":{\"@type\":\"EntryPoint\",\"urlTemplate\":\"https:\/\/paroisseaumalebraypicardie.fr\/?s={search_term_string}\"},\"query-input\":\"required name=search_term_string\"}],\"inLanguage\":\"fr-FR\"},{\"@type\":\"Organization\",\"@id\":\"https:\/\/paroisseaumalebraypicardie.fr\/#organization\",\"name\":\"Paroisse Aumale Bray Picardie\",\"url\":\"https:\/\/paroisseaumalebraypicardie.fr\/\",\"logo\":{\"@type\":\"ImageObject\",\"inLanguage\":\"fr-FR\",\"@id\":\"https:\/\/paroisseaumalebraypicardie.fr\/#\/schema\/logo\/image\/\",\"url\":\"https:\/\/i1.wp.com\/paroisseaumalebraypicardie.fr\/wp-content\/uploads\/2020\/01\/img_1256_47985338107_o-scaled.jpg?fit=2560%2C1912\",\"contentUrl\":\"https:\/\/i1.wp.com\/paroisseaumalebraypicardie.fr\/wp-content\/uploads\/2020\/01\/img_1256_47985338107_o-scaled.jpg?fit=2560%2C1912\",\"width\":2560,\"height\":1912,\"caption\":\"Paroisse Aumale Bray Picardie\"},\"image\":{\"@id\":\"https:\/\/paroisseaumalebraypicardie.fr\/#\/schema\/logo\/image\/\"},\"sameAs\":[\"https:\/\/www.instagram.com\/paroisseaumalebp\/?hl=fr\",\"https:\/\/www.youtube.com\/channel\/UCdzO2T1JOuFy9b6jaJdSyaQ?view_as=subscriber\",\"https:\/\/www.facebook.com\/Paroisse-dAumale-1052241828150031\",\"https:\/\/twitter.com\/ParoisseABP\"]},{\"@type\":\"Person\",\"@id\":\"https:\/\/paroisseaumalebraypicardie.fr\/#\/schema\/person\/048a3a754dfd061999a2ebfed0f0c133\",\"name\":\"admin8375\",\"image\":{\"@type\":\"ImageObject\",\"inLanguage\":\"fr-FR\",\"@id\":\"https:\/\/paroisseaumalebraypicardie.fr\/#\/schema\/person\/image\/\",\"url\":\"https:\/\/secure.gravatar.com\/avatar\/83a82140e6728d429cb70143cacc8630?s=96&d=mm&r=g\",\"contentUrl\":\"https:\/\/secure.gravatar.com\/avatar\/83a82140e6728d429cb70143cacc8630?s=96&d=mm&r=g\",\"caption\":\"admin8375\"},\"sameAs\":[\"http:\/\/www.paroisseaumalebraypicardie.fr\"],\"url\":\"https:\/\/paroisseaumalebraypicardie.fr\/index.php\/author\/admin8375\/\"}]}<\/script>\n<!-- \/ Yoast SEO plugin. -->","yoast_head_json":{"title":"Messe de la Saint-Gu\u00e9nol\u00e9 2020 - Paroisse Aumale Bray Picardie.fr","description":"Traditionnelle messe de la Saint Gu\u00e9nol\u00e9 qui rassemble les paroissiens pour la f\u00eate locale (Saint Guignolet) dans notre belle \u00e9glise Saint-Pierre et Saint-Paul d'Aumale. C'est aussi l'occasion pour tous de rassembler nos intentions de pri\u00e8res pour celles et ceux qui ont contribu\u00e9 \u00e0 la lib\u00e9ration de la Ville il y a 76 ans. Et vous savez vous qui est Saint Gu\u00e9nol\u00e9 ?","robots":{"index":"index","follow":"follow","max-snippet":"max-snippet:-1","max-image-preview":"max-image-preview:large","max-video-preview":"max-video-preview:-1"},"canonical":"https:\/\/paroisseaumalebraypicardie.fr\/index.php\/2020\/08\/31\/messe-de-la-saint-guenole-2020\/","og_locale":"fr_FR","og_type":"article","og_title":"Messe de la Saint-Gu\u00e9nol\u00e9 2020 - Paroisse Aumale Bray Picardie.fr","og_description":"Traditionnelle messe de la Saint Gu\u00e9nol\u00e9 qui rassemble les paroissiens pour la f\u00eate locale (Saint Guignolet) dans notre belle \u00e9glise Saint-Pierre et Saint-Paul d'Aumale. C'est aussi l'occasion pour tous de rassembler nos intentions de pri\u00e8res pour celles et ceux qui ont contribu\u00e9 \u00e0 la lib\u00e9ration de la Ville il y a 76 ans. Et vous savez vous qui est Saint Gu\u00e9nol\u00e9 ?","og_url":"https:\/\/paroisseaumalebraypicardie.fr\/index.php\/2020\/08\/31\/messe-de-la-saint-guenole-2020\/","og_site_name":"Paroisse Aumale Bray Picardie.fr","article_publisher":"https:\/\/www.facebook.com\/Paroisse-dAumale-1052241828150031","article_published_time":"2020-08-31T16:56:37+00:00","article_modified_time":"2020-08-31T16:56:39+00:00","og_image":[{"width":1620,"height":2560,"url":"https:\/\/i0.wp.com\/paroisseaumalebraypicardie.fr\/wp-content\/uploads\/2020\/08\/IMG_2873-scaled.jpeg?fit=1620%2C2560&ssl=1","type":"image\/jpeg"}],"author":"admin8375","twitter_card":"summary_large_image","twitter_image":"https:\/\/i0.wp.com\/paroisseaumalebraypicardie.fr\/wp-content\/uploads\/2020\/08\/IMG_2873-scaled.jpeg?fit=1620%2C2560&ssl=1","twitter_creator":"@ParoisseABP","twitter_site":"@ParoisseABP","twitter_misc":{"\u00c9crit par":"admin8375","Dur\u00e9e de lecture estim\u00e9e":"2 minutes"},"schema":{"@context":"https:\/\/schema.org","@graph":[{"@type":"Article","@id":"https:\/\/paroisseaumalebraypicardie.fr\/index.php\/2020\/08\/31\/messe-de-la-saint-guenole-2020\/#article","isPartOf":{"@id":"https:\/\/paroisseaumalebraypicardie.fr\/index.php\/2020\/08\/31\/messe-de-la-saint-guenole-2020\/"},"author":{"name":"admin8375","@id":"https:\/\/paroisseaumalebraypicardie.fr\/#\/schema\/person\/048a3a754dfd061999a2ebfed0f0c133"},"headline":"Messe de la Saint-Gu\u00e9nol\u00e9 2020","datePublished":"2020-08-31T16:56:37+00:00","dateModified":"2020-08-31T16:56:39+00:00","mainEntityOfPage":{"@id":"https:\/\/paroisseaumalebraypicardie.fr\/index.php\/2020\/08\/31\/messe-de-la-saint-guenole-2020\/"},"wordCount":498,"commentCount":1,"publisher":{"@id":"https:\/\/paroisseaumalebraypicardie.fr\/#organization"},"articleSection":["Histoire","Messe"],"inLanguage":"fr-FR","potentialAction":[{"@type":"CommentAction","name":"Comment","target":["https:\/\/paroisseaumalebraypicardie.fr\/index.php\/2020\/08\/31\/messe-de-la-saint-guenole-2020\/#respond"]}]},{"@type":"WebPage","@id":"https:\/\/paroisseaumalebraypicardie.fr\/index.php\/2020\/08\/31\/messe-de-la-saint-guenole-2020\/","url":"https:\/\/paroisseaumalebraypicardie.fr\/index.php\/2020\/08\/31\/messe-de-la-saint-guenole-2020\/","name":"Messe de la Saint-Gu\u00e9nol\u00e9 2020 - Paroisse Aumale Bray Picardie.fr","isPartOf":{"@id":"https:\/\/paroisseaumalebraypicardie.fr\/#website"},"datePublished":"2020-08-31T16:56:37+00:00","dateModified":"2020-08-31T16:56:39+00:00","description":"Traditionnelle messe de la Saint Gu\u00e9nol\u00e9 qui rassemble les paroissiens pour la f\u00eate locale (Saint Guignolet) dans notre belle \u00e9glise Saint-Pierre et Saint-Paul d'Aumale. C'est aussi l'occasion pour tous de rassembler nos intentions de pri\u00e8res pour celles et ceux qui ont contribu\u00e9 \u00e0 la lib\u00e9ration de la Ville il y a 76 ans. Et vous savez vous qui est Saint Gu\u00e9nol\u00e9 ?","breadcrumb":{"@id":"https:\/\/paroisseaumalebraypicardie.fr\/index.php\/2020\/08\/31\/messe-de-la-saint-guenole-2020\/#breadcrumb"},"inLanguage":"fr-FR","potentialAction":[{"@type":"ReadAction","target":["https:\/\/paroisseaumalebraypicardie.fr\/index.php\/2020\/08\/31\/messe-de-la-saint-guenole-2020\/"]}]},{"@type":"BreadcrumbList","@id":"https:\/\/paroisseaumalebraypicardie.fr\/index.php\/2020\/08\/31\/messe-de-la-saint-guenole-2020\/#breadcrumb","itemListElement":[{"@type":"ListItem","position":1,"name":"Accueil","item":"https:\/\/paroisseaumalebraypicardie.fr\/"},{"@type":"ListItem","position":2,"name":"Messe de la Saint-Gu\u00e9nol\u00e9 2020"}]},{"@type":"WebSite","@id":"https:\/\/paroisseaumalebraypicardie.fr\/#website","url":"https:\/\/paroisseaumalebraypicardie.fr\/","name":"Paroisse Aumale Bray Picardie.fr","description":"","publisher":{"@id":"https:\/\/paroisseaumalebraypicardie.fr\/#organization"},"potentialAction":[{"@type":"SearchAction","target":{"@type":"EntryPoint","urlTemplate":"https:\/\/paroisseaumalebraypicardie.fr\/?s={search_term_string}"},"query-input":"required name=search_term_string"}],"inLanguage":"fr-FR"},{"@type":"Organization","@id":"https:\/\/paroisseaumalebraypicardie.fr\/#organization","name":"Paroisse Aumale Bray Picardie","url":"https:\/\/paroisseaumalebraypicardie.fr\/","logo":{"@type":"ImageObject","inLanguage":"fr-FR","@id":"https:\/\/paroisseaumalebraypicardie.fr\/#\/schema\/logo\/image\/","url":"https:\/\/i1.wp.com\/paroisseaumalebraypicardie.fr\/wp-content\/uploads\/2020\/01\/img_1256_47985338107_o-scaled.jpg?fit=2560%2C1912","contentUrl":"https:\/\/i1.wp.com\/paroisseaumalebraypicardie.fr\/wp-content\/uploads\/2020\/01\/img_1256_47985338107_o-scaled.jpg?fit=2560%2C1912","width":2560,"height":1912,"caption":"Paroisse Aumale Bray Picardie"},"image":{"@id":"https:\/\/paroisseaumalebraypicardie.fr\/#\/schema\/logo\/image\/"},"sameAs":["https:\/\/www.instagram.com\/paroisseaumalebp\/?hl=fr","https:\/\/www.youtube.com\/channel\/UCdzO2T1JOuFy9b6jaJdSyaQ?view_as=subscriber","https:\/\/www.facebook.com\/Paroisse-dAumale-1052241828150031","https:\/\/twitter.com\/ParoisseABP"]},{"@type":"Person","@id":"https:\/\/paroisseaumalebraypicardie.fr\/#\/schema\/person\/048a3a754dfd061999a2ebfed0f0c133","name":"admin8375","image":{"@type":"ImageObject","inLanguage":"fr-FR","@id":"https:\/\/paroisseaumalebraypicardie.fr\/#\/schema\/person\/image\/","url":"https:\/\/secure.gravatar.com\/avatar\/83a82140e6728d429cb70143cacc8630?s=96&d=mm&r=g","contentUrl":"https:\/\/secure.gravatar.com\/avatar\/83a82140e6728d429cb70143cacc8630?s=96&d=mm&r=g","caption":"admin8375"},"sameAs":["http:\/\/www.paroisseaumalebraypicardie.fr"],"url":"https:\/\/paroisseaumalebraypicardie.fr\/index.php\/author\/admin8375\/"}]}},"jetpack_featured_media_url":"https:\/\/i0.wp.com\/paroisseaumalebraypicardie.fr\/wp-content\/uploads\/2020\/08\/IMG_2873-scaled.jpeg?fit=1620%2C2560&ssl=1","jetpack_sharing_enabled":true,"_links":{"self":[{"href":"https:\/\/paroisseaumalebraypicardie.fr\/index.php\/wp-json\/wp\/v2\/posts\/9076"}],"collection":[{"href":"https:\/\/paroisseaumalebraypicardie.fr\/index.php\/wp-json\/wp\/v2\/posts"}],"about":[{"href":"https:\/\/paroisseaumalebraypicardie.fr\/index.php\/wp-json\/wp\/v2\/types\/post"}],"author":[{"embeddable":true,"href":"https:\/\/paroisseaumalebraypicardie.fr\/index.php\/wp-json\/wp\/v2\/users\/1"}],"replies":[{"embeddable":true,"href":"https:\/\/paroisseaumalebraypicardie.fr\/index.php\/wp-json\/wp\/v2\/comments?post=9076"}],"version-history":[{"count":1,"href":"https:\/\/paroisseaumalebraypicardie.fr\/index.php\/wp-json\/wp\/v2\/posts\/9076\/revisions"}],"predecessor-version":[{"id":9097,"href":"https:\/\/paroisseaumalebraypicardie.fr\/index.php\/wp-json\/wp\/v2\/posts\/9076\/revisions\/9097"}],"wp:featuredmedia":[{"embeddable":true,"href":"https:\/\/paroisseaumalebraypicardie.fr\/index.php\/wp-json\/wp\/v2\/media\/9077"}],"wp:attachment":[{"href":"https:\/\/paroisseaumalebraypicardie.fr\/index.php\/wp-json\/wp\/v2\/media?parent=9076"}],"wp:term":[{"taxonomy":"category","embeddable":true,"href":"https:\/\/paroisseaumalebraypicardie.fr\/index.php\/wp-json\/wp\/v2\/categories?post=9076"},{"taxonomy":"post_tag","embeddable":true,"href":"https:\/\/paroisseaumalebraypicardie.fr\/index.php\/wp-json\/wp\/v2\/tags?post=9076"}],"curies":[{"name":"wp","href":"https:\/\/api.w.org\/{rel}","templated":true}]}}